{"id":2970,"date":"2026-09-01T06:50:10","date_gmt":"2026-09-01T04:50:10","guid":{"rendered":"https:\/\/buergerverein-ohmstede.de\/?p=2970"},"modified":"2026-08-20T20:51:01","modified_gmt":"2026-08-20T18:51:01","slug":"obstbaeume-fuer-ohmstede-jetzt-mitmachen","status":"publish","type":"post","link":"https:\/\/buergerverein-ohmstede.de\/?p=2970","title":{"rendered":"Obstb\u00e4ume f\u00fcr Ohmstede \u2013 jetzt mitmachen!"},"content":{"rendered":"\n<h2 class=\"wp-block-heading\"><\/h2>\n\n\n\n<p>Zum 75-j\u00e4hrigen Bestehen des B\u00fcrgervereins Ohmstede soll es nicht nur etwas zu feiern geben, sondern auch etwas, das bleibt: Mit unserer Obstbaumaktion m\u00f6chten wir Ohmstede noch ein St\u00fcck gr\u00fcner machen und gleichzeitig etwas f\u00fcr Natur, Artenvielfalt und unser gemeinsames Ortsbild tun.<\/p>\n\n\n\n<p>Insgesamt sollen im Rahmen der Aktion 75 Obstb\u00e4ume in Ohmstede gepflanzt werden. 25 davon sind f\u00fcr \u00f6ffentlich zug\u00e4ngliche Fl\u00e4chen vorgesehen, weitere 50 B\u00e4ume k\u00f6nnen von Mitgliedern des B\u00fcrgervereins auf geeigneten privaten Grundst\u00fccken in Ohmstede gepflanzt werden.<\/p>\n\n\n\n<p>Zur Auswahl stehen verschiedene alte Obstsorten von Apfel, Birne, Zwetschge und Kirsche. Wer einen Baum \u00fcbernimmt, pflanzt ihn auf dem eigenen Grundst\u00fcck und k\u00fcmmert sich anschlie\u00dfend auch um ihn. Der B\u00fcrgerverein unterst\u00fctzt dabei: Zu jedem Baum werden zwei Pflanzpf\u00e4hle, Pflanzband und D\u00fcngemittel bereitgestellt. Die Schutzgeb\u00fchr betr\u00e4gt lediglich 15 Euro pro Baum.<\/p>\n\n\n\n<p>Mitmachen k\u00f6nnen Mitglieder des B\u00fcrgervereins \u2013 und ausdr\u00fccklich auch diejenigen, die es werden m\u00f6chten. Neumitglieder sind herzlich willkommen. In der Regel kann pro Mitglied ein Baum \u00fcbernommen werden.<\/p>\n\n\n\n<p>Ein Obstbaum ist mehr als nur ein St\u00fcck Gr\u00fcn im Garten. Er bietet Nahrung und Lebensraum f\u00fcr Insekten und V\u00f6gel, spendet Schatten und kann \u00fcber Jahrzehnte Fr\u00fcchte tragen. Vielleicht steht dann in vielen Jahren noch immer ein Apfel-, Kirsch-, Birnen- oder Zwetschgenbaum in Ohmstede, der an das 75-j\u00e4hrige Jubil\u00e4um unseres B\u00fcrgervereins erinnert.<\/p>\n\n\n\n<p>Deshalb: Wer Platz f\u00fcr einen Obstbaum hat und bei der Aktion dabei sein m\u00f6chte, sollte sich jetzt melden. Je mehr Ohmstederinnen und Ohmsteder mitmachen, desto sichtbarer wird unsere gemeinsame Jubil\u00e4umsaktion im ganzen Stadtteil.<\/p>\n\n\n\n<p>R\u00fcckmeldungen werden erbeten an:<\/p>\n\n\n\n<p>Herwig Langetepe<br>Brahmkamp 14, 26123 Oldenburg<br>Telefon: 0160 7465804<br>E-Mail: <a href=\"mailto:Herwig.Langetepe@ltp-consulting.de\"><u>Herwig.Langetepe@ltp-consulting.de<\/u><\/a><\/p>\n\n\n\n<p>Machen Sie mit \u2013 pflanzen wir gemeinsam ein St\u00fcck Zukunft f\u00fcr Ohmstede!<\/p>\n\n\n\n<figure class=\"wp-block-image size-full\"><a href=\"https:\/\/buergerverein-ohmstede.de\/wp-content\/uploads\/2026\/08\/baumaktion.jpeg\"><img loading=\"lazy\" decoding=\"async\" width=\"461\" height=\"652\" src=\"https:\/\/buergerverein-ohmstede.de\/wp-content\/uploads\/2026\/08\/baumaktion.jpeg\" alt=\"\" class=\"wp-image-2949\" srcset=\"https:\/\/buergerverein-ohmstede.de\/wp-content\/uploads\/2026\/08\/baumaktion.jpeg 461w, https:\/\/buergerverein-ohmstede.de\/wp-content\/uploads\/2026\/08\/baumaktion-212x300.jpeg 212w\" sizes=\"auto, (max-width: 461px) 100vw, 461px\" \/><\/a><\/figure>\n\n\n\n<p><\/p>\n","protected":false},"excerpt":{"rendered":"<p>Zum 75-j\u00e4hrigen Bestehen des B\u00fcrgervereins Ohmstede soll es nicht nur etwas zu feiern geben, sondern auch etwas, das bleibt: Mit unserer Obstbaumaktion m\u00f6chten wir Ohmstede noch ein St\u00fcck gr\u00fcner machen und gleichzeitig etwas f\u00fcr Natur, Artenvielfalt und unser gemeinsames Ortsbild tun. Insgesamt sollen im Rahmen der Aktion 75 Obstb\u00e4ume in Ohmstede gepflanzt werden. 25 davon [&hellip;]<\/p>\n","protected":false},"author":3,"featured_media":0,"comment_status":"closed","ping_status":"closed","sticky":false,"template":"","format":"standard","meta":{"footnotes":""},"categories":[1],"tags":[],"class_list":["post-2970","post","type-post","status-publish","format-standard","hentry","category-uncategorized"],"_links":{"self":[{"href":"https:\/\/buergerverein-ohmstede.de\/index.php?rest_route=\/wp\/v2\/posts\/2970","targetHints":{"allow":["GET"]}}],"collection":[{"href":"https:\/\/buergerverein-ohmstede.de\/index.php?rest_route=\/wp\/v2\/posts"}],"about":[{"href":"https:\/\/buergerverein-ohmstede.de\/index.php?rest_route=\/wp\/v2\/types\/post"}],"author":[{"embeddable":true,"href":"https:\/\/buergerverein-ohmstede.de\/index.php?rest_route=\/wp\/v2\/users\/3"}],"replies":[{"embeddable":true,"href":"https:\/\/buergerverein-ohmstede.de\/index.php?rest_route=%2Fwp%2Fv2%2Fcomments&post=2970"}],"version-history":[{"count":1,"href":"https:\/\/buergerverein-ohmstede.de\/index.php?rest_route=\/wp\/v2\/posts\/2970\/revisions"}],"predecessor-version":[{"id":2971,"href":"https:\/\/buergerverein-ohmstede.de\/index.php?rest_route=\/wp\/v2\/posts\/2970\/revisions\/2971"}],"wp:attachment":[{"href":"https:\/\/buergerverein-ohmstede.de\/index.php?rest_route=%2Fwp%2Fv2%2Fmedia&parent=2970"}],"wp:term":[{"taxonomy":"category","embeddable":true,"href":"https:\/\/buergerverein-ohmstede.de\/index.php?rest_route=%2Fwp%2Fv2%2Fcategories&post=2970"},{"taxonomy":"post_tag","embeddable":true,"href":"https:\/\/buergerverein-ohmstede.de\/index.php?rest_route=%2Fwp%2Fv2%2Ftags&post=2970"}],"curies":[{"name":"wp","href":"https:\/\/api.w.org\/{rel}","templated":true}]}}