{"id":2968,"date":"2026-09-01T06:49:00","date_gmt":"2026-09-01T04:49:00","guid":{"rendered":"https:\/\/buergerverein-ohmstede.de\/?p=2968"},"modified":"2026-08-20T20:51:30","modified_gmt":"2026-08-20T18:51:30","slug":"erlebnistag-beim-schuetzenverein","status":"publish","type":"post","link":"https:\/\/buergerverein-ohmstede.de\/?p=2968","title":{"rendered":"Erlebnistag beim Sch\u00fctzenverein"},"content":{"rendered":"\n<p><\/p>\n\n\n\n<p>Der Ohmsteder Sch\u00fctzenverein l\u00e4dt am Sonntag, 20. September 2026, ab 11 Uhr zu einem Erlebnistag in die Schie\u00dfhalle an der Elsflether Stra\u00dfe 55 ein.<\/p>\n\n\n\n<p>Besucherinnen und Besucher haben die Gelegenheit, den Verein kennenzulernen, einen Blick hinter die Kulissen zu werfen und sich \u00fcber den Schie\u00dfsport sowie das Vereinsleben zu informieren. Auch f\u00fcr das leibliche Wohl ist gesorgt.<\/p>\n\n\n\n<p>Der Ohmsteder Sch\u00fctzenverein freut sich auf viele G\u00e4ste aus Ohmstede und Umgebung.<\/p>\n","protected":false},"excerpt":{"rendered":"<p>Der Ohmsteder Sch\u00fctzenverein l\u00e4dt am Sonntag, 20. September 2026, ab 11 Uhr zu einem Erlebnistag in die Schie\u00dfhalle an der Elsflether Stra\u00dfe 55 ein. Besucherinnen und Besucher haben die Gelegenheit, den Verein kennenzulernen, einen Blick hinter die Kulissen zu werfen und sich \u00fcber den Schie\u00dfsport sowie das Vereinsleben zu informieren. Auch f\u00fcr das leibliche Wohl [&hellip;]<\/p>\n","protected":false},"author":3,"featured_media":0,"comment_status":"closed","ping_status":"closed","sticky":false,"template":"","format":"standard","meta":{"footnotes":""},"categories":[1],"tags":[],"class_list":["post-2968","post","type-post","status-publish","format-standard","hentry","category-uncategorized"],"_links":{"self":[{"href":"https:\/\/buergerverein-ohmstede.de\/index.php?rest_route=\/wp\/v2\/posts\/2968","targetHints":{"allow":["GET"]}}],"collection":[{"href":"https:\/\/buergerverein-ohmstede.de\/index.php?rest_route=\/wp\/v2\/posts"}],"about":[{"href":"https:\/\/buergerverein-ohmstede.de\/index.php?rest_route=\/wp\/v2\/types\/post"}],"author":[{"embeddable":true,"href":"https:\/\/buergerverein-ohmstede.de\/index.php?rest_route=\/wp\/v2\/users\/3"}],"replies":[{"embeddable":true,"href":"https:\/\/buergerverein-ohmstede.de\/index.php?rest_route=%2Fwp%2Fv2%2Fcomments&post=2968"}],"version-history":[{"count":1,"href":"https:\/\/buergerverein-ohmstede.de\/index.php?rest_route=\/wp\/v2\/posts\/2968\/revisions"}],"predecessor-version":[{"id":2969,"href":"https:\/\/buergerverein-ohmstede.de\/index.php?rest_route=\/wp\/v2\/posts\/2968\/revisions\/2969"}],"wp:attachment":[{"href":"https:\/\/buergerverein-ohmstede.de\/index.php?rest_route=%2Fwp%2Fv2%2Fmedia&parent=2968"}],"wp:term":[{"taxonomy":"category","embeddable":true,"href":"https:\/\/buergerverein-ohmstede.de\/index.php?rest_route=%2Fwp%2Fv2%2Fcategories&post=2968"},{"taxonomy":"post_tag","embeddable":true,"href":"https:\/\/buergerverein-ohmstede.de\/index.php?rest_route=%2Fwp%2Fv2%2Ftags&post=2968"}],"curies":[{"name":"wp","href":"https:\/\/api.w.org\/{rel}","templated":true}]}}