{"id":2966,"date":"2026-09-01T06:47:22","date_gmt":"2026-09-01T04:47:22","guid":{"rendered":"https:\/\/buergerverein-ohmstede.de\/?p=2966"},"modified":"2026-08-20T20:52:02","modified_gmt":"2026-08-20T18:52:02","slug":"teetied-in-waterende-5","status":"publish","type":"post","link":"https:\/\/buergerverein-ohmstede.de\/?p=2966","title":{"rendered":"Teetied in Waterende"},"content":{"rendered":"\n<h3 class=\"wp-block-heading\"><\/h3>\n\n\n\n<p>Der B\u00fcrgerverein Ohmstede l\u00e4dt am Samstag, 12. September 2026, um 14.30 Uhr zur \u201eTeetied in Waterende\u201c ein. Bei echtem Ostfriesen-Tee, Kulinarischem, Musik und reichlich Gelegenheit zum Kl\u00f6nschnack soll ein unterhaltsamer Nachmittag in gem\u00fctlicher Runde entstehen. Der Kostenbeitrag betr\u00e4gt 7 Euro f\u00fcr Mitglieder und 10 Euro f\u00fcr Nichtmitglieder. Anmeldungen nimmt Gabriele Ammermann unter 0441\/381208 oder per E-Mail an <a href=\"mailto:ammermann80@gmail.com\"><u>ammermann80@gmail.com<\/u><\/a> entgegen.<\/p>\n","protected":false},"excerpt":{"rendered":"<p>Der B\u00fcrgerverein Ohmstede l\u00e4dt am Samstag, 12. September 2026, um 14.30 Uhr zur \u201eTeetied in Waterende\u201c ein. Bei echtem Ostfriesen-Tee, Kulinarischem, Musik und reichlich Gelegenheit zum Kl\u00f6nschnack soll ein unterhaltsamer Nachmittag in gem\u00fctlicher Runde entstehen. Der Kostenbeitrag betr\u00e4gt 7 Euro f\u00fcr Mitglieder und 10 Euro f\u00fcr Nichtmitglieder. Anmeldungen nimmt Gabriele Ammermann unter 0441\/381208 oder per [&hellip;]<\/p>\n","protected":false},"author":3,"featured_media":0,"comment_status":"closed","ping_status":"closed","sticky":false,"template":"","format":"standard","meta":{"footnotes":""},"categories":[1],"tags":[],"class_list":["post-2966","post","type-post","status-publish","format-standard","hentry","category-uncategorized"],"_links":{"self":[{"href":"https:\/\/buergerverein-ohmstede.de\/index.php?rest_route=\/wp\/v2\/posts\/2966","targetHints":{"allow":["GET"]}}],"collection":[{"href":"https:\/\/buergerverein-ohmstede.de\/index.php?rest_route=\/wp\/v2\/posts"}],"about":[{"href":"https:\/\/buergerverein-ohmstede.de\/index.php?rest_route=\/wp\/v2\/types\/post"}],"author":[{"embeddable":true,"href":"https:\/\/buergerverein-ohmstede.de\/index.php?rest_route=\/wp\/v2\/users\/3"}],"replies":[{"embeddable":true,"href":"https:\/\/buergerverein-ohmstede.de\/index.php?rest_route=%2Fwp%2Fv2%2Fcomments&post=2966"}],"version-history":[{"count":1,"href":"https:\/\/buergerverein-ohmstede.de\/index.php?rest_route=\/wp\/v2\/posts\/2966\/revisions"}],"predecessor-version":[{"id":2967,"href":"https:\/\/buergerverein-ohmstede.de\/index.php?rest_route=\/wp\/v2\/posts\/2966\/revisions\/2967"}],"wp:attachment":[{"href":"https:\/\/buergerverein-ohmstede.de\/index.php?rest_route=%2Fwp%2Fv2%2Fmedia&parent=2966"}],"wp:term":[{"taxonomy":"category","embeddable":true,"href":"https:\/\/buergerverein-ohmstede.de\/index.php?rest_route=%2Fwp%2Fv2%2Fcategories&post=2966"},{"taxonomy":"post_tag","embeddable":true,"href":"https:\/\/buergerverein-ohmstede.de\/index.php?rest_route=%2Fwp%2Fv2%2Ftags&post=2966"}],"curies":[{"name":"wp","href":"https:\/\/api.w.org\/{rel}","templated":true}]}}