{"id":2888,"date":"2026-06-01T07:52:57","date_gmt":"2026-06-01T05:52:57","guid":{"rendered":"https:\/\/buergerverein-ohmstede.de\/?p=2888"},"modified":"2026-05-22T19:55:05","modified_gmt":"2026-05-22T17:55:05","slug":"werksfuehrung-bei-kalkhoff","status":"publish","type":"post","link":"https:\/\/buergerverein-ohmstede.de\/?p=2888","title":{"rendered":"Werksf\u00fchrung bei Kalkhoff"},"content":{"rendered":"\n<p>Am <strong>26. Juni <\/strong>f\u00e4hrt der B\u00fcrgerverein zur Werksf\u00fchrung beim Fahrradhersteller Kalkhoff nach Emstek. In der neuen Kalkhoff Brand World erhalten die Teilnehmenden auf \u00fcber 600 Quadratmetern spannende Einblicke in die Welt des Fahrrads \u2013 direkt am neuen Produktionsstandort bei Cloppenburg. Zum Programm geh\u00f6ren die Ausstellung aktueller Modelle, Einblicke in die hauseigene E-Bike-Produktion sowie die M\u00f6glichkeit zu Probefahrten auf zwei abwechslungsreichen Teststrecken. Die Betriebsbesichtigung inklusive Testfahrten dauert etwa drei Stunden. Im Anschluss ist ein gemeinsames Mittagessen in der Kantine von Kalkhoff geplant. Beginn der Werksf\u00fchrung ist 10 Uhr. Die Teilnehmerzahl ist auf 20 Personen begrenzt. Der Kostenbeitrag von 7,50\u20ac wird vor Ort eingesammelt. Die Anreise geschieht eigenverantwortlich. Es wird um die Bildung von Fahrgemeinschaften gebeten.<br>Anmeldungen bitte bis zum 19. Juni <a href=\"mailto:Herwig.Langetepe@ltp-consulting.de\">Herwig.Langetepe@ltp-consulting.de.<\/a> Die Teilnehmenden werden nach Anmeldeschluss informiert.<\/p>\n","protected":false},"excerpt":{"rendered":"<p>Am 26. Juni f\u00e4hrt der B\u00fcrgerverein zur Werksf\u00fchrung beim Fahrradhersteller Kalkhoff nach Emstek. In der neuen Kalkhoff Brand World erhalten die Teilnehmenden auf \u00fcber 600 Quadratmetern spannende Einblicke in die Welt des Fahrrads \u2013 direkt am neuen Produktionsstandort bei Cloppenburg. Zum Programm geh\u00f6ren die Ausstellung aktueller Modelle, Einblicke in die hauseigene E-Bike-Produktion sowie die M\u00f6glichkeit [&hellip;]<\/p>\n","protected":false},"author":3,"featured_media":0,"comment_status":"closed","ping_status":"closed","sticky":false,"template":"","format":"standard","meta":{"footnotes":""},"categories":[1],"tags":[],"class_list":["post-2888","post","type-post","status-publish","format-standard","hentry","category-uncategorized"],"_links":{"self":[{"href":"https:\/\/buergerverein-ohmstede.de\/index.php?rest_route=\/wp\/v2\/posts\/2888","targetHints":{"allow":["GET"]}}],"collection":[{"href":"https:\/\/buergerverein-ohmstede.de\/index.php?rest_route=\/wp\/v2\/posts"}],"about":[{"href":"https:\/\/buergerverein-ohmstede.de\/index.php?rest_route=\/wp\/v2\/types\/post"}],"author":[{"embeddable":true,"href":"https:\/\/buergerverein-ohmstede.de\/index.php?rest_route=\/wp\/v2\/users\/3"}],"replies":[{"embeddable":true,"href":"https:\/\/buergerverein-ohmstede.de\/index.php?rest_route=%2Fwp%2Fv2%2Fcomments&post=2888"}],"version-history":[{"count":1,"href":"https:\/\/buergerverein-ohmstede.de\/index.php?rest_route=\/wp\/v2\/posts\/2888\/revisions"}],"predecessor-version":[{"id":2889,"href":"https:\/\/buergerverein-ohmstede.de\/index.php?rest_route=\/wp\/v2\/posts\/2888\/revisions\/2889"}],"wp:attachment":[{"href":"https:\/\/buergerverein-ohmstede.de\/index.php?rest_route=%2Fwp%2Fv2%2Fmedia&parent=2888"}],"wp:term":[{"taxonomy":"category","embeddable":true,"href":"https:\/\/buergerverein-ohmstede.de\/index.php?rest_route=%2Fwp%2Fv2%2Fcategories&post=2888"},{"taxonomy":"post_tag","embeddable":true,"href":"https:\/\/buergerverein-ohmstede.de\/index.php?rest_route=%2Fwp%2Fv2%2Ftags&post=2888"}],"curies":[{"name":"wp","href":"https:\/\/api.w.org\/{rel}","templated":true}]}}