{"id":2858,"date":"2026-05-01T06:10:53","date_gmt":"2026-05-01T04:10:53","guid":{"rendered":"https:\/\/buergerverein-ohmstede.de\/?p=2858"},"modified":"2026-04-20T21:11:20","modified_gmt":"2026-04-20T19:11:20","slug":"windpark-in-bornhorst-2","status":"publish","type":"post","link":"https:\/\/buergerverein-ohmstede.de\/?p=2858","title":{"rendered":"Windpark in Bornhorst"},"content":{"rendered":"\n<p>Am 7. Mai um 18.30 Uhr l\u00e4dt der B\u00fcrgerverein Ohmstede zu einer Gespr\u00e4chsrunde mit Christine-Petra Schacht, Dezernentin f\u00fcr Planen, Bauen, Verkehr und Umwelt, sowie Markus L\u00f6wer, Leiter des Stadtplanungsamts der Stadt Oldenburg, ein. Bereits am 5. Juni 2025 fand in der BBS 3 eine erste Informationsveranstaltung zu diesem Thema statt. Seither gibt es einige neue Entwicklungen und Entscheidungen in dieser Sache.<\/p>\n\n\n\n<p>Am 19. Februar hat die Stadt Oldenburg im Ausschuss \u201eStadtplanung und Bauen\u201c die Ver\u00f6ffentlichung des Teilfl\u00e4chennutzungsplans Windenergie beschlossen. Am 23. Februar wurde dem Teilfl\u00e4chennutzungsplan Windenergie auch im Verwaltungsausschuss der Stadt Oldenburg zugestimmt und anschlie\u00dfend entsprechend ver\u00f6ffentlicht. Wesentliche umweltbezogene Stellungnahmen und Fachgutachten sind vorhanden. Ihre Ver\u00f6ffentlichung erfolgte bis zum 8. April. Danach ist der Beschluss durch den Rat der Stadt Oldenburg angedacht. Dies wird laut Terminen im<br>Ratsinformationssystem der Stadt Oldenburg wahrscheinlich der 1. Juni sein. Daher ist es noch eine gute Gelegenheit, im Rahmen dieser Veranstaltung entsprechende Fragen zur Aufkl\u00e4rung zu stellen bzw. kann uns die Stadt auf den aktuellen Stand der Entwicklungen bringen.<br>Welche Auswirkungen (L\u00e4rm\/Verkehrsbelastung\/Stra\u00dfensperrungen etc.) hat der Windpark auf die Ohmsteder? Welche Ausgleichsma\u00dfnahmen (F\u00f6rderung der Vereine\/Umwelt) werden in Ohmstede erfolgen? Wie k\u00f6nnen sich die Ohmsteder am Windpark beteiligen? Sicherlich haben Sie weitere Fragen! Daher sind alle betroffenen Bewohner herzlich zu diesem Termin eingeladen! Eine Anmeldung ist nicht erforderlich.<br>Bvohmst<\/p>\n","protected":false},"excerpt":{"rendered":"<p>Am 7. Mai um 18.30 Uhr l\u00e4dt der B\u00fcrgerverein Ohmstede zu einer Gespr\u00e4chsrunde mit Christine-Petra Schacht, Dezernentin f\u00fcr Planen, Bauen, Verkehr und Umwelt, sowie Markus L\u00f6wer, Leiter des Stadtplanungsamts der Stadt Oldenburg, ein. Bereits am 5. Juni 2025 fand in der BBS 3 eine erste Informationsveranstaltung zu diesem Thema statt. Seither gibt es einige neue [&hellip;]<\/p>\n","protected":false},"author":3,"featured_media":0,"comment_status":"closed","ping_status":"closed","sticky":false,"template":"","format":"standard","meta":{"footnotes":""},"categories":[1],"tags":[],"class_list":["post-2858","post","type-post","status-publish","format-standard","hentry","category-uncategorized"],"_links":{"self":[{"href":"https:\/\/buergerverein-ohmstede.de\/index.php?rest_route=\/wp\/v2\/posts\/2858","targetHints":{"allow":["GET"]}}],"collection":[{"href":"https:\/\/buergerverein-ohmstede.de\/index.php?rest_route=\/wp\/v2\/posts"}],"about":[{"href":"https:\/\/buergerverein-ohmstede.de\/index.php?rest_route=\/wp\/v2\/types\/post"}],"author":[{"embeddable":true,"href":"https:\/\/buergerverein-ohmstede.de\/index.php?rest_route=\/wp\/v2\/users\/3"}],"replies":[{"embeddable":true,"href":"https:\/\/buergerverein-ohmstede.de\/index.php?rest_route=%2Fwp%2Fv2%2Fcomments&post=2858"}],"version-history":[{"count":1,"href":"https:\/\/buergerverein-ohmstede.de\/index.php?rest_route=\/wp\/v2\/posts\/2858\/revisions"}],"predecessor-version":[{"id":2859,"href":"https:\/\/buergerverein-ohmstede.de\/index.php?rest_route=\/wp\/v2\/posts\/2858\/revisions\/2859"}],"wp:attachment":[{"href":"https:\/\/buergerverein-ohmstede.de\/index.php?rest_route=%2Fwp%2Fv2%2Fmedia&parent=2858"}],"wp:term":[{"taxonomy":"category","embeddable":true,"href":"https:\/\/buergerverein-ohmstede.de\/index.php?rest_route=%2Fwp%2Fv2%2Fcategories&post=2858"},{"taxonomy":"post_tag","embeddable":true,"href":"https:\/\/buergerverein-ohmstede.de\/index.php?rest_route=%2Fwp%2Fv2%2Ftags&post=2858"}],"curies":[{"name":"wp","href":"https:\/\/api.w.org\/{rel}","templated":true}]}}