{"id":2856,"date":"2026-05-01T06:09:35","date_gmt":"2026-05-01T04:09:35","guid":{"rendered":"https:\/\/buergerverein-ohmstede.de\/?p=2856"},"modified":"2026-04-20T21:10:07","modified_gmt":"2026-04-20T19:10:07","slug":"fahrt-zum-tag-der-niedersachsen-nach-braunschweig-am-14-juni","status":"publish","type":"post","link":"https:\/\/buergerverein-ohmstede.de\/?p=2856","title":{"rendered":"Fahrt zum \u201eTag der Niedersachsen\u201c nach Braunschweig am 14. Juni"},"content":{"rendered":"\n<p>Es findet eine gemeinsame Fahrt der B\u00fcrgervereine Nadorst- B\u00fcrgeresch, Ofenerdiek und Ohmstede zum Tag der Niedersachsen statt. Die Vergabe der Teilnehmerpl\u00e4tze erfolgt nach der Reihenfolge des Zahlungseingangs auf dem unten genannten Konto.<\/p>\n\n\n\n<p><br><strong>Geplanter Tagesablauf:<br><\/strong>\u2022 Abfahrt Weser-Ems-Halle (gilt f\u00fcr Nadorst-B\u00fcrgeresch + Ohmstede) \u2013 7:45 Uhr \u2022 Domf\u00fchrung in Braunschweig um 11:15 Uhr \u2013 Dauer: 1 Stunde<br>\u2022 Rundgang (einzeln oder in der Gruppe) ab 12:30 Uhr; entsprechendes Infomaterial wird im Bus verteilt<br>\u2022 R\u00fcckfahrt ab ZOB Braunschweig um 16:00 Uhr<br>\u2022 Ankunft in Oldenburg ca. 19:00 \/ 19:30 Uhr<\/p>\n\n\n\n<p><br>Mindestteilnehmerzahl: 45 Personen<br>Kosten pro Person: 30,00 Euro inkl. Domf\u00fchrung f\u00fcr Vereinsmitglieder; G\u00e4ste: 35,00 Euro<br>Maximale Teilnehmerzahl: 56 Personen<br>Anmeldungen bis zum 11. Mai 2026 an: Harald Vogel (1. Vorsitzender B\u00fcrgerverein Nadorst- B\u00fcrgeresch), Telefon: 0441\/3047571, mit Namen, Zugeh\u00f6rigkeit zum B\u00fcrgerverein und eigener Telefonnummer oder per E-Mail an info@bv-nadorstbuegeresch.de. Die Teilnahme wird erst mit \u00dcberweisung des Kostenbeitrags auf das Konto des B\u00fcrgervereins Nadorst-B\u00fcrgeresch wirksam: Bankverbindung: IBAN 55 2806 1822 4900 2457 00.<br>Bitte die Anmeldevorgaben einhalten. Wir haben aufgrund der Fahrtkosten ein R\u00fccktrittsrecht mit dem Busunternehmen vereinbart. Dieses m\u00f6chten wir nat\u00fcrlich nicht wahrnehmen. Daher bitten wir darum, f\u00fcr die Fahrt entsprechend zu werben. Weitere und genauere Informationen erfolgen rechtzeitig nach Ablauf der Anmeldefrist. Bei R\u00fcckfragen wenden Sie sich bitte an Herwig Langetepe (Herwig.Langetepe@ltp-consulting.de).<br>Bvohmst<\/p>\n","protected":false},"excerpt":{"rendered":"<p>Es findet eine gemeinsame Fahrt der B\u00fcrgervereine Nadorst- B\u00fcrgeresch, Ofenerdiek und Ohmstede zum Tag der Niedersachsen statt. Die Vergabe der Teilnehmerpl\u00e4tze erfolgt nach der Reihenfolge des Zahlungseingangs auf dem unten genannten Konto. Geplanter Tagesablauf:\u2022 Abfahrt Weser-Ems-Halle (gilt f\u00fcr Nadorst-B\u00fcrgeresch + Ohmstede) \u2013 7:45 Uhr \u2022 Domf\u00fchrung in Braunschweig um 11:15 Uhr \u2013 Dauer: 1 Stunde\u2022 [&hellip;]<\/p>\n","protected":false},"author":3,"featured_media":0,"comment_status":"closed","ping_status":"closed","sticky":false,"template":"","format":"standard","meta":{"footnotes":""},"categories":[1],"tags":[],"class_list":["post-2856","post","type-post","status-publish","format-standard","hentry","category-uncategorized"],"_links":{"self":[{"href":"https:\/\/buergerverein-ohmstede.de\/index.php?rest_route=\/wp\/v2\/posts\/2856","targetHints":{"allow":["GET"]}}],"collection":[{"href":"https:\/\/buergerverein-ohmstede.de\/index.php?rest_route=\/wp\/v2\/posts"}],"about":[{"href":"https:\/\/buergerverein-ohmstede.de\/index.php?rest_route=\/wp\/v2\/types\/post"}],"author":[{"embeddable":true,"href":"https:\/\/buergerverein-ohmstede.de\/index.php?rest_route=\/wp\/v2\/users\/3"}],"replies":[{"embeddable":true,"href":"https:\/\/buergerverein-ohmstede.de\/index.php?rest_route=%2Fwp%2Fv2%2Fcomments&post=2856"}],"version-history":[{"count":1,"href":"https:\/\/buergerverein-ohmstede.de\/index.php?rest_route=\/wp\/v2\/posts\/2856\/revisions"}],"predecessor-version":[{"id":2857,"href":"https:\/\/buergerverein-ohmstede.de\/index.php?rest_route=\/wp\/v2\/posts\/2856\/revisions\/2857"}],"wp:attachment":[{"href":"https:\/\/buergerverein-ohmstede.de\/index.php?rest_route=%2Fwp%2Fv2%2Fmedia&parent=2856"}],"wp:term":[{"taxonomy":"category","embeddable":true,"href":"https:\/\/buergerverein-ohmstede.de\/index.php?rest_route=%2Fwp%2Fv2%2Fcategories&post=2856"},{"taxonomy":"post_tag","embeddable":true,"href":"https:\/\/buergerverein-ohmstede.de\/index.php?rest_route=%2Fwp%2Fv2%2Ftags&post=2856"}],"curies":[{"name":"wp","href":"https:\/\/api.w.org\/{rel}","templated":true}]}}