{"id":2762,"date":"2026-01-01T12:58:57","date_gmt":"2026-01-01T11:58:57","guid":{"rendered":"https:\/\/buergerverein-ohmstede.de\/?p=2762"},"modified":"2025-12-20T12:59:24","modified_gmt":"2025-12-20T11:59:24","slug":"ein-jahr-voller-einsatz-naehe-und-gemeinsamer-momente","status":"publish","type":"post","link":"https:\/\/buergerverein-ohmstede.de\/?p=2762","title":{"rendered":"Ein Jahr voller Einsatz, N\u00e4he und gemeinsamer Momente"},"content":{"rendered":"\n<p>Wenn wir auf das Jahr 2025 zur\u00fcckschauen, dann sehen wir vor allem eines: Ein lebendiges Ohmstede, das von vielen Menschen getragen wird, die sich einbringen, mitreden und mithelfen. F\u00fcr uns als B\u00fcrgerverein war es ein Jahr mit vielen Aufgaben, vielen Begegnungen und vielen guten Momenten \u2013 manchmal auch \u00fcberraschend, aber immer mit dem Gef\u00fchl: Wir machen das gemeinsam.<\/p>\n\n\n\n<p>Gleich zu Beginn besch\u00e4ftigte uns ein gro\u00dfes Thema: die geplante Baumschutzsatzung. Wir haben uns dazu klar positioniert. Uns geht es um gesunden Baumschutz, der f\u00fcr alle verst\u00e4ndlich und machbar ist. Deshalb werden wir den B\u00fcrgerentscheid unterst\u00fctzen, weil wir eine L\u00f6sung brauchen, die sinnvoll ist und die Menschen nicht mit unn\u00f6tigen Regeln belastet. Das war f\u00fcr uns kein Parteithema, sondern ein Anliegen f\u00fcr Ohmstede. Und es hat gezeigt, dass B\u00fcrgervereinsarbeit nicht nur Feste und Veranstaltungen bedeutet, sondern manchmal auch klare Aussagen und eine Menge \u00dcberzeugungsarbeit.<\/p>\n\n\n\n<p>Trotz solcher gro\u00dfen Themen hat uns der Alltag im Verein getragen \u2013 und viel Freude gemacht. Unsere traditionellen Veranstaltungen, allen voran das B\u00fcrgerfr\u00fchst\u00fcck, das Pfingstbaumsetzen, die Teetied waren wieder echte Treffpunkte. Beim B\u00fcrgerfr\u00fchst\u00fcck geht es immer besonders warm und gesellig zu: Tische voller selbst gemachter Leckereien, Menschen jeden Alters, Gespr\u00e4che \u00fcber Gott und die Welt. Ein Vormittag, der zeigt, wie sehr Ohmstede zusammenh\u00e4lt.<\/p>\n\n\n\n<p>Beim Pfingstbaumsetzen stand wieder das gemeinsame Tun im Mittelpunkt. Es ist eine Tradition, die uns wichtig ist, und die auch 2025 gezeigt hat: Wenn viele mitmachen und anpacken, entsteht etwas, das verbindet \u2013 auch im Regen.<\/p>\n\n\n\n<p>Ein Projekt, das leise begann und dann Fahrt aufnahm, war unser Fotokalender 2026. Die Idee war simpel: Ohmstede zeigen, wie wir es erleben. Nicht poliert und gestellt, sondern echt. Und pl\u00f6tzlich waren viele dabei \u2013 mit Bildern, Ideen und Erinnerungen. F\u00fcr uns ist dieser Kalender ein kleines St\u00fcck Heimat zum Umbl\u00e4ttern. Und er zeigt, wie viel Liebe zum Stadtteil in unserer Gemeinschaft steckt.<\/p>\n\n\n\n<p>Wichtig waren auch die B\u00fcrgergespr\u00e4che, die sich mehr und mehr zu einem festen Austauschpunkt entwickeln. Hier kommen die Themen des Stadtteils auf den Tisch \u2013 Finanzen, Verkehr, Ver- und Entsorgung, Alltagssorgen, gute Vorschl\u00e4ge. Wir haben erlebt, dass Menschen sehr klar ausdr\u00fccken, was ihnen wichtig ist. Und dass es uns als Verein guttut, diese Stimmen zu h\u00f6ren und weiterzutragen. Genau deshalb freuen wir uns schon jetzt auf das n\u00e4chste B\u00fcrgergespr\u00e4ch im Januar. Wir erwarten, dass es wieder ein offener und guter Abend wird.<\/p>\n\n\n\n<p>Neben all den Aktivit\u00e4ten nach au\u00dfen war auch die Zusammenarbeit innerhalb des Vereins ein wichtiger Teil des Jahres. Vorstand und Beirat haben eng zusammengearbeitet, viele Aufgaben verteilt und gemeinsam entschieden. Auch die Ortsvereine waren regelm\u00e4\u00dfig eingebunden und haben wichtige Impulse gesetzt. Wir sind stolz darauf, dass wir kein \u201eVerein im stillen K\u00e4mmerlein\u201c sind, sondern ein Team aus vielen K\u00f6pfen und helfenden H\u00e4nden.<\/p>\n\n\n\n<p>An dieser Stelle m\u00fcssen wir klar sagen: Ohne die Ehrenamtlichen w\u00e4re all das nicht m\u00f6glich gewesen. Menschen, die spontan einspringen, Sitzungen vorbereiten, St\u00fchle tragen, Mails schreiben, Kuchen backen, Ideen einbringen oder einfach nur mit anpacken \u2013 sie alle machen den B\u00fcrgerverein erst lebendig. Jeder, der schon einmal eine Veranstaltung vorbereitet hat, wei\u00df: Vieles davon sieht man sp\u00e4ter gar nicht. Aber es steckt viel Zeit, M\u00fche und Herz dahinter. Daf\u00fcr m\u00f6chten wir uns ausdr\u00fccklich bedanken.<\/p>\n\n\n\n<p>Nat\u00fcrlich richten wir den Blick auch nach vorn. 2026 wird ein besonderes Jahr f\u00fcr uns, denn wir feiern unser 75. Vereinsjubil\u00e4um. Im Oktober wollen wir im Bunker zusammenkommen und ein Fest auf die Beine stellen, das zeigt, was uns ausmacht: Zusammenhalt, Tradition und Freude am Miteinander. Die ersten Ideen stehen, vieles entsteht noch \u2013 aber wir wissen schon: Es wird ein Fest, das zu Ohmstede passt.<\/p>\n\n\n\n<p>Ein weiteres gro\u00dfes Thema f\u00fcr 2026 ist das Weitermachen und Dranbleiben. Viele Aufgaben aus diesem Jahr begleiten uns weiter: die Diskussion \u00fcber den Baumschutz, die Entwicklung im Stadtteil, die W\u00fcnsche und Anliegen der Menschen hier. Wir wollen zuh\u00f6ren, vermitteln und mitgestalten. Unser Ziel ist es, nahe an den B\u00fcrgerinnen und B\u00fcrgern zu bleiben \u2013 so nah wie m\u00f6glich.<\/p>\n\n\n\n<p>Auch die Einladung an neue Mitglieder war und bleibt ein wichtiges Anliegen. Wer neu dazukommt, soll sich nicht nur willkommen f\u00fchlen, sondern auch die M\u00f6glichkeit haben, mitzuwirken. Wir freuen uns \u00fcber jeden, der sagt: \u201eIch m\u00f6chte Teil davon sein.\u201c Und wir sagen auch klar: Wir brauchen Menschen, die Lust haben, sich einzubringen \u2013 ob irgendwann im Vorstand, im Beirat, in Projekten oder bei Veranstaltungen.<\/p>\n\n\n\n<p>Damit wir noch besser im Austausch bleiben k\u00f6nnen, nutzen wir inzwischen auch unsere Messenger-Gruppe f\u00fcr schnelle Infos und kurze Wege. Ein kleines Werkzeug, das uns den Alltag erleichtert und die Kommunikation direkter macht.<\/p>\n\n\n\n<p>Wenn wir all das zusammennehmen, dann blicken wir auf ein Jahr zur\u00fcck, das uns gefordert, aber auch best\u00e4rkt hat. Wir haben erlebt, dass Ohmstede ein Stadtteil mit Meinung ist \u2013 und das ist gut so. Wir haben gemerkt, dass Diskussionen manchmal anstrengend sind \u2013 aber n\u00f6tig. Wir haben gesp\u00fcrt, wie gut es tut, wenn viele mitziehen. Und wir haben gesehen, dass unser B\u00fcrgerverein ein Ort ist, an dem man gemeinsam etwas bewegen kann.<\/p>\n\n\n\n<p>Wir danken allen, die 2025 zu diesem lebendigen Jahr gemacht haben: den Engagierten, den Mitdenkerinnen, den Anpackern, den Kritischen und den Unterst\u00fctzenden. Wir danken denen, die unsere Veranstaltungen m\u00f6glich gemacht haben, und denen, die bei den vielen kleinen Aufgaben geholfen haben, die man leicht \u00fcbersieht. Und wir danken allen, die uns mit ihren Ideen bereichert haben.<\/p>\n\n\n\n<p>Mit diesem Gef\u00fchl gehen wir in das neue Jahr. 2026 wird ein Jahr voller Aufgaben und voller Chancen. Ein Jahr mit Dialog, mit Festen, mit Projekten \u2013 und hoffentlich mit vielen sch\u00f6nen Momenten. Wir freuen uns darauf, es gemeinsam mit Euch zu gestalten.<\/p>\n\n\n\n<p><strong>Euer Vorstand des B\u00fcrgerverein Ohmstede<\/strong><\/p>\n","protected":false},"excerpt":{"rendered":"<p>Wenn wir auf das Jahr 2025 zur\u00fcckschauen, dann sehen wir vor allem eines: Ein lebendiges Ohmstede, das von vielen Menschen getragen wird, die sich einbringen, mitreden und mithelfen. F\u00fcr uns als B\u00fcrgerverein war es ein Jahr mit vielen Aufgaben, vielen Begegnungen und vielen guten Momenten \u2013 manchmal auch \u00fcberraschend, aber immer mit dem Gef\u00fchl: Wir [&hellip;]<\/p>\n","protected":false},"author":3,"featured_media":0,"comment_status":"closed","ping_status":"closed","sticky":false,"template":"","format":"standard","meta":{"footnotes":""},"categories":[1],"tags":[],"class_list":["post-2762","post","type-post","status-publish","format-standard","hentry","category-uncategorized"],"_links":{"self":[{"href":"https:\/\/buergerverein-ohmstede.de\/index.php?rest_route=\/wp\/v2\/posts\/2762","targetHints":{"allow":["GET"]}}],"collection":[{"href":"https:\/\/buergerverein-ohmstede.de\/index.php?rest_route=\/wp\/v2\/posts"}],"about":[{"href":"https:\/\/buergerverein-ohmstede.de\/index.php?rest_route=\/wp\/v2\/types\/post"}],"author":[{"embeddable":true,"href":"https:\/\/buergerverein-ohmstede.de\/index.php?rest_route=\/wp\/v2\/users\/3"}],"replies":[{"embeddable":true,"href":"https:\/\/buergerverein-ohmstede.de\/index.php?rest_route=%2Fwp%2Fv2%2Fcomments&post=2762"}],"version-history":[{"count":1,"href":"https:\/\/buergerverein-ohmstede.de\/index.php?rest_route=\/wp\/v2\/posts\/2762\/revisions"}],"predecessor-version":[{"id":2763,"href":"https:\/\/buergerverein-ohmstede.de\/index.php?rest_route=\/wp\/v2\/posts\/2762\/revisions\/2763"}],"wp:attachment":[{"href":"https:\/\/buergerverein-ohmstede.de\/index.php?rest_route=%2Fwp%2Fv2%2Fmedia&parent=2762"}],"wp:term":[{"taxonomy":"category","embeddable":true,"href":"https:\/\/buergerverein-ohmstede.de\/index.php?rest_route=%2Fwp%2Fv2%2Fcategories&post=2762"},{"taxonomy":"post_tag","embeddable":true,"href":"https:\/\/buergerverein-ohmstede.de\/index.php?rest_route=%2Fwp%2Fv2%2Ftags&post=2762"}],"curies":[{"name":"wp","href":"https:\/\/api.w.org\/{rel}","templated":true}]}}