{"id":2758,"date":"2026-01-01T12:55:02","date_gmt":"2026-01-01T11:55:02","guid":{"rendered":"https:\/\/buergerverein-ohmstede.de\/?p=2758"},"modified":"2025-12-20T12:55:55","modified_gmt":"2025-12-20T11:55:55","slug":"buergergespraech-mit-vertreterinnen-und-vertretern-der-cdu","status":"publish","type":"post","link":"https:\/\/buergerverein-ohmstede.de\/?p=2758","title":{"rendered":"B\u00fcrgergespr\u00e4ch mit Vertreterinnen und Vertretern der CDU"},"content":{"rendered":"\n<p>Das B\u00fcrgergespr\u00e4ch der Ortsvereine Ohmstede mit Ratsfrau Esther Niewerth-Baumann und Ratsherrn Stefan Menke fand am 23. Oktober 2025 im Kulturzentrum an der Rennplatzstra\u00dfe statt. Die Veranstaltung war gut besucht und bot Raum f\u00fcr eine konzentrierte Diskussion zu aktuellen Themen der Stadtentwicklung aus Sicht der CDU.<\/p>\n\n\n\n<p>Im Mittelpunkt standen vor allem die angespannte Finanzlage der Stadt, Fragen der Verwaltungsorganisation sowie die Qualit\u00e4t von Beteiligungsverfahren. Niewerth-Baumann und Menke erl\u00e4uterten ihre Positionen zu den Haushaltsentw\u00fcrfen der vergangenen Jahre und verwiesen auf aus ihrer Sicht fehlende Priorisierung und unklare Entscheidungsabl\u00e4ufe in der Verwaltung. Mehrfach machten sie deutlich, dass die CDU seit Jahren nicht mehr Teil der politischen Mehrheitsbildung sei und viele aktuelle Entscheidungen ohne ihre Zustimmung getroffen worden seien. Kritische Nachfragen gab es insbesondere zur Baumschutzsatzung und zur kommunalen W\u00e4rmeplanung, die viele Teilnehmende als unzureichend begr\u00fcndet oder mangelhaft vorbereitet empfanden.<\/p>\n\n\n\n<p>Weitere Themen waren das Fl\u00f6tenteichbad, Entwicklungen am Bornhorster See sowie verschiedene Fragen aus dem Stadtteil, darunter die Situation der Superm\u00e4rkte, der Ausbau von Sportanlagen, Abfallwirtschaft und der Umgang mit langen Bauzeiten. Die CDU-Vertreter k\u00fcndigten an, mehrere Punkte in die Ratsarbeit mitzunehmen und teils vorhandene Unterlagen noch einmal anzufordern.<\/p>\n\n\n\n<p>Beide Seiten zeigten Interesse an einer Fortsetzung des Formats. bvohmst<\/p>\n","protected":false},"excerpt":{"rendered":"<p>Das B\u00fcrgergespr\u00e4ch der Ortsvereine Ohmstede mit Ratsfrau Esther Niewerth-Baumann und Ratsherrn Stefan Menke fand am 23. Oktober 2025 im Kulturzentrum an der Rennplatzstra\u00dfe statt. Die Veranstaltung war gut besucht und bot Raum f\u00fcr eine konzentrierte Diskussion zu aktuellen Themen der Stadtentwicklung aus Sicht der CDU. Im Mittelpunkt standen vor allem die angespannte Finanzlage der Stadt, [&hellip;]<\/p>\n","protected":false},"author":3,"featured_media":0,"comment_status":"closed","ping_status":"closed","sticky":false,"template":"","format":"standard","meta":{"footnotes":""},"categories":[1],"tags":[],"class_list":["post-2758","post","type-post","status-publish","format-standard","hentry","category-uncategorized"],"_links":{"self":[{"href":"https:\/\/buergerverein-ohmstede.de\/index.php?rest_route=\/wp\/v2\/posts\/2758","targetHints":{"allow":["GET"]}}],"collection":[{"href":"https:\/\/buergerverein-ohmstede.de\/index.php?rest_route=\/wp\/v2\/posts"}],"about":[{"href":"https:\/\/buergerverein-ohmstede.de\/index.php?rest_route=\/wp\/v2\/types\/post"}],"author":[{"embeddable":true,"href":"https:\/\/buergerverein-ohmstede.de\/index.php?rest_route=\/wp\/v2\/users\/3"}],"replies":[{"embeddable":true,"href":"https:\/\/buergerverein-ohmstede.de\/index.php?rest_route=%2Fwp%2Fv2%2Fcomments&post=2758"}],"version-history":[{"count":1,"href":"https:\/\/buergerverein-ohmstede.de\/index.php?rest_route=\/wp\/v2\/posts\/2758\/revisions"}],"predecessor-version":[{"id":2759,"href":"https:\/\/buergerverein-ohmstede.de\/index.php?rest_route=\/wp\/v2\/posts\/2758\/revisions\/2759"}],"wp:attachment":[{"href":"https:\/\/buergerverein-ohmstede.de\/index.php?rest_route=%2Fwp%2Fv2%2Fmedia&parent=2758"}],"wp:term":[{"taxonomy":"category","embeddable":true,"href":"https:\/\/buergerverein-ohmstede.de\/index.php?rest_route=%2Fwp%2Fv2%2Fcategories&post=2758"},{"taxonomy":"post_tag","embeddable":true,"href":"https:\/\/buergerverein-ohmstede.de\/index.php?rest_route=%2Fwp%2Fv2%2Ftags&post=2758"}],"curies":[{"name":"wp","href":"https:\/\/api.w.org\/{rel}","templated":true}]}}