{"id":2749,"date":"2025-12-11T13:22:01","date_gmt":"2025-12-11T12:22:01","guid":{"rendered":"https:\/\/buergerverein-ohmstede.de\/?p=2749"},"modified":"2025-12-20T12:53:52","modified_gmt":"2025-12-20T11:53:52","slug":"aufstellung-des-weihnachtsbaumes-2025","status":"publish","type":"post","link":"https:\/\/buergerverein-ohmstede.de\/?p=2749","title":{"rendered":"Weihnachtlicher Glanz trotz unerwarteter H\u00fcrden"},"content":{"rendered":"\n<p>Wo ein Wille ist, da ist auch ein Weg \u2013 und manchmal auch ein bisschen Krimicharakter. Der B\u00fcrgerverein Ohmstede hat es wieder geschafft: Seit dem 29. November erstrahlt ein pr\u00e4chtiger Tannenbaum vor der Ohmsteder Kirche und verbreitet vorweihnachtliche Stimmung im Ortsteil.<\/p>\n\n\n\n<p>Die Geschichte dieses Baumes begann bereits am Freitag, dem 28. November, als die gute Tanne gef\u00e4llt und \u2013 man k\u00f6nnte meinen \u201cfast schwebend\u201d &#8211; zur Kirche transportiert wurde. Spender des stattlichen Gew\u00e4chses ist ein Mitglied unseres B\u00fcrgervereins, dem an dieser Stelle ein herzliches Dankesch\u00f6n geb\u00fchrt. &#8222;So ein Baum w\u00e4chst nicht \u00fcber Nacht&#8220;, wei\u00df man im Verein zu berichten, &#8222;und dass jemand aus unserem Ortsteil einen solch sch\u00f6nen Baum zur Verf\u00fcgung stellt, ist nicht selbstverst\u00e4ndlich.&#8220;<\/p>\n\n\n\n<p>Am darauffolgenden Tag sollte der Baum aufgestellt und geschm\u00fcckt werden \u2013 doch dann kam es zur unfreiwilligen Zwangspause, die selbst in der besinnlichsten Zeit des Jahres niemand auf dem Wunschzettel hatte: Ein Einbruch in die Kirche sorgte f\u00fcr Verz\u00f6gerungen. Ausgerechnet dort, wo die Materialien f\u00fcr die Weihnachtsdekoration gelagert waren, hatte sich jemand unbefugt Zutritt verschafft. Die Polizei musste erst ihre Ermittlungen abschlie\u00dfen und den &#8222;Tatort&#8220; freigeben, bevor die flei\u00dfigen Helfer an Lichterketten und Hilfsmittel herankommen konnten.<\/p>\n\n\n\n<p>Doch was w\u00e4re ein B\u00fcrgerverein ohne Improvisationstalent und Zusammenhalt? Mit vereinten Kr\u00e4ften packten B\u00fcrgervereinsmitglieder und Landwirte mit an, stellten Fahrzeuge zur Verf\u00fcgung und sorgten f\u00fcr das leibliche Wohl der Helfer. Am Ende des Tages stand der Baum \u2013 sch\u00f6n beleuchtet, und bereit, die Weihnachtszeit einzul\u00e4uten.<\/p>\n\n\n\n<p>&#8222;Solche Aktionen zeigen einmal mehr, wie stark der Zusammenhalt in unserer Gemeinde ist&#8220;, freut sich der B\u00fcrgerverein. Und auch wenn der Weg zum festlichen Glanz in diesem Jahr einen kleinen Umweg \u00fcber das Polizeiprotokoll nahm: Die Ohmsteder haben bewiesen, dass sie sich von nichts und niemandem die Vorfreude auf Weihnachten verderben lassen.<\/p>\n\n\n\n<p>Der leuchtende Tannenbaum vor der Kirche ist nun nicht nur ein Symbol f\u00fcr die bevorstehenden Festtage, sondern auch ein Zeichen daf\u00fcr, dass Gemeinschaftssinn und Tatkraft selbst unerwartete Hindernisse \u00fcberwinden k\u00f6nnen. bvohmst<\/p>\n\n\n\n<figure class=\"wp-block-image size-large is-resized\"><a href=\"https:\/\/buergerverein-ohmstede.de\/wp-content\/uploads\/2025\/12\/weihnachtsbaum-2025-1-scaled.jpg\"><img loading=\"lazy\" decoding=\"async\" width=\"768\" height=\"1024\" src=\"https:\/\/buergerverein-ohmstede.de\/wp-content\/uploads\/2025\/12\/weihnachtsbaum-2025-1-768x1024.jpg\" alt=\"\" class=\"wp-image-2745\" style=\"aspect-ratio:0.7500309214594929;width:290px;height:auto\" srcset=\"https:\/\/buergerverein-ohmstede.de\/wp-content\/uploads\/2025\/12\/weihnachtsbaum-2025-1-768x1024.jpg 768w, https:\/\/buergerverein-ohmstede.de\/wp-content\/uploads\/2025\/12\/weihnachtsbaum-2025-1-225x300.jpg 225w, https:\/\/buergerverein-ohmstede.de\/wp-content\/uploads\/2025\/12\/weihnachtsbaum-2025-1-1152x1536.jpg 1152w, https:\/\/buergerverein-ohmstede.de\/wp-content\/uploads\/2025\/12\/weihnachtsbaum-2025-1-1536x2048.jpg 1536w, https:\/\/buergerverein-ohmstede.de\/wp-content\/uploads\/2025\/12\/weihnachtsbaum-2025-1-scaled.jpg 1920w\" sizes=\"auto, (max-width: 768px) 100vw, 768px\" \/><\/a><\/figure>\n\n\n\n<figure class=\"wp-block-image size-large is-resized\"><a href=\"https:\/\/buergerverein-ohmstede.de\/wp-content\/uploads\/2025\/12\/weihnachtsbaum-2025-2-scaled.jpg\"><img loading=\"lazy\" decoding=\"async\" width=\"768\" height=\"1024\" src=\"https:\/\/buergerverein-ohmstede.de\/wp-content\/uploads\/2025\/12\/weihnachtsbaum-2025-2-768x1024.jpg\" alt=\"\" class=\"wp-image-2746\" style=\"aspect-ratio:0.750013316997816;width:288px;height:auto\" srcset=\"https:\/\/buergerverein-ohmstede.de\/wp-content\/uploads\/2025\/12\/weihnachtsbaum-2025-2-768x1024.jpg 768w, https:\/\/buergerverein-ohmstede.de\/wp-content\/uploads\/2025\/12\/weihnachtsbaum-2025-2-225x300.jpg 225w, https:\/\/buergerverein-ohmstede.de\/wp-content\/uploads\/2025\/12\/weihnachtsbaum-2025-2-1152x1536.jpg 1152w, https:\/\/buergerverein-ohmstede.de\/wp-content\/uploads\/2025\/12\/weihnachtsbaum-2025-2-1536x2048.jpg 1536w, https:\/\/buergerverein-ohmstede.de\/wp-content\/uploads\/2025\/12\/weihnachtsbaum-2025-2-scaled.jpg 1920w\" sizes=\"auto, (max-width: 768px) 100vw, 768px\" \/><\/a><\/figure>\n\n\n\n<figure class=\"wp-block-image size-large is-resized\"><a href=\"https:\/\/buergerverein-ohmstede.de\/wp-content\/uploads\/2025\/12\/weihnachtsbaum-2025-4-scaled.jpg\"><img loading=\"lazy\" decoding=\"async\" width=\"768\" height=\"1024\" src=\"https:\/\/buergerverein-ohmstede.de\/wp-content\/uploads\/2025\/12\/weihnachtsbaum-2025-4-768x1024.jpg\" alt=\"\" class=\"wp-image-2747\" style=\"aspect-ratio:0.7500103523955444;width:286px;height:auto\" srcset=\"https:\/\/buergerverein-ohmstede.de\/wp-content\/uploads\/2025\/12\/weihnachtsbaum-2025-4-768x1024.jpg 768w, https:\/\/buergerverein-ohmstede.de\/wp-content\/uploads\/2025\/12\/weihnachtsbaum-2025-4-225x300.jpg 225w, https:\/\/buergerverein-ohmstede.de\/wp-content\/uploads\/2025\/12\/weihnachtsbaum-2025-4-1152x1536.jpg 1152w, https:\/\/buergerverein-ohmstede.de\/wp-content\/uploads\/2025\/12\/weihnachtsbaum-2025-4-1536x2048.jpg 1536w, https:\/\/buergerverein-ohmstede.de\/wp-content\/uploads\/2025\/12\/weihnachtsbaum-2025-4-scaled.jpg 1920w\" sizes=\"auto, (max-width: 768px) 100vw, 768px\" \/><\/a><\/figure>\n","protected":false},"excerpt":{"rendered":"<p>Wo ein Wille ist, da ist auch ein Weg \u2013 und manchmal auch ein bisschen Krimicharakter. Der B\u00fcrgerverein Ohmstede hat es wieder geschafft: Seit dem 29. November erstrahlt ein pr\u00e4chtiger Tannenbaum vor der Ohmsteder Kirche und verbreitet vorweihnachtliche Stimmung im Ortsteil. Die Geschichte dieses Baumes begann bereits am Freitag, dem 28. November, als die gute [&hellip;]<\/p>\n","protected":false},"author":3,"featured_media":0,"comment_status":"closed","ping_status":"closed","sticky":false,"template":"","format":"standard","meta":{"footnotes":""},"categories":[1],"tags":[],"class_list":["post-2749","post","type-post","status-publish","format-standard","hentry","category-uncategorized"],"_links":{"self":[{"href":"https:\/\/buergerverein-ohmstede.de\/index.php?rest_route=\/wp\/v2\/posts\/2749","targetHints":{"allow":["GET"]}}],"collection":[{"href":"https:\/\/buergerverein-ohmstede.de\/index.php?rest_route=\/wp\/v2\/posts"}],"about":[{"href":"https:\/\/buergerverein-ohmstede.de\/index.php?rest_route=\/wp\/v2\/types\/post"}],"author":[{"embeddable":true,"href":"https:\/\/buergerverein-ohmstede.de\/index.php?rest_route=\/wp\/v2\/users\/3"}],"replies":[{"embeddable":true,"href":"https:\/\/buergerverein-ohmstede.de\/index.php?rest_route=%2Fwp%2Fv2%2Fcomments&post=2749"}],"version-history":[{"count":3,"href":"https:\/\/buergerverein-ohmstede.de\/index.php?rest_route=\/wp\/v2\/posts\/2749\/revisions"}],"predecessor-version":[{"id":2757,"href":"https:\/\/buergerverein-ohmstede.de\/index.php?rest_route=\/wp\/v2\/posts\/2749\/revisions\/2757"}],"wp:attachment":[{"href":"https:\/\/buergerverein-ohmstede.de\/index.php?rest_route=%2Fwp%2Fv2%2Fmedia&parent=2749"}],"wp:term":[{"taxonomy":"category","embeddable":true,"href":"https:\/\/buergerverein-ohmstede.de\/index.php?rest_route=%2Fwp%2Fv2%2Fcategories&post=2749"},{"taxonomy":"post_tag","embeddable":true,"href":"https:\/\/buergerverein-ohmstede.de\/index.php?rest_route=%2Fwp%2Fv2%2Ftags&post=2749"}],"curies":[{"name":"wp","href":"https:\/\/api.w.org\/{rel}","templated":true}]}}