{"id":2678,"date":"2025-11-01T08:04:21","date_gmt":"2025-11-01T07:04:21","guid":{"rendered":"https:\/\/buergerverein-ohmstede.de\/?p=2678"},"modified":"2025-10-20T21:07:33","modified_gmt":"2025-10-20T19:07:33","slug":"laterne-laufen","status":"publish","type":"post","link":"https:\/\/buergerverein-ohmstede.de\/?p=2678","title":{"rendered":"Laterne Laufen"},"content":{"rendered":"\n<h2 class=\"wp-block-heading\"><\/h2>\n\n\n\n<p>Am 14. November l\u00e4dt Ohmstede wieder zum traditionellen Laternenfest ein \u2013 ein stimmungsvolles Ereignis, das Gro\u00df und Klein zusammenbringt und den Martinstag auf besondere Weise feiert. Veranstaltet wird das Fest vom B\u00fcrgerverein Ohmstede, der Kirchengemeinde Ohmstede und dem Kulturzentrum Rennplatzstra\u00dfe. Der Auftakt beginnt um 17 Uhr mit einem feierlichen Gottesdienst in der Ohmsteder Kirche, bei dem die Bedeutung des Martinstages im Mittelpunkt steht. Im Anschluss startet der Laternenlauf auf einer verkehrsberuhigten Strecke \u2013 begleitet von sachkundigen Helferinnen und Helfern, die f\u00fcr Sicherheit und gute Stimmung sorgen. Das gemeinsame Singen von Laternenliedern wird musikalisch durch einen Harmoniumspieler unterst\u00fctzt und schafft eine besonders festliche Atmosph\u00e4re. Das Laternenfest endet am Kulturzentrum Rennplatzstra\u00dfe, wo sich die Teilnehmenden bei Bratwurst, Waffeln und alkoholfreien Getr\u00e4nken st\u00e4rken und austauschen k\u00f6nnen. Nach dem musikalisch begleiteten Laternenlauf durch die verkehrsberuhigten Stra\u00dfen Ohmstedes kommen alle Teilnehmerinnen und Teilnehmer noch einmal zusammen. In dieser besonderen Atmosph\u00e4re, gepr\u00e4gt vom Schein der Laternen und dem gemeinsamen Gesang, wird das Festgef\u00fchl sp\u00fcrbar. Das Miteinander und das Teilen von Traditionen stehen im Mittelpunkt und lassen den Martinstag zu einem unvergesslichen Erlebnis f\u00fcr Gro\u00df und Klein werden. Alle Familien, Kinder und Interessierten sind herzlich eingeladen, mit ihren Laternen dabei zu sein und ein St\u00fcck gelebte Nachbarschaft in Ohmstede zu erleben. H.Moldt<\/p>\n","protected":false},"excerpt":{"rendered":"<p>Am 14. November l\u00e4dt Ohmstede wieder zum traditionellen Laternenfest ein \u2013 ein stimmungsvolles Ereignis, das Gro\u00df und Klein zusammenbringt und den Martinstag auf besondere Weise feiert. Veranstaltet wird das Fest vom B\u00fcrgerverein Ohmstede, der Kirchengemeinde Ohmstede und dem Kulturzentrum Rennplatzstra\u00dfe. Der Auftakt beginnt um 17 Uhr mit einem feierlichen Gottesdienst in der Ohmsteder Kirche, bei [&hellip;]<\/p>\n","protected":false},"author":3,"featured_media":0,"comment_status":"closed","ping_status":"closed","sticky":false,"template":"","format":"standard","meta":{"footnotes":""},"categories":[1],"tags":[],"class_list":["post-2678","post","type-post","status-publish","format-standard","hentry","category-uncategorized"],"_links":{"self":[{"href":"https:\/\/buergerverein-ohmstede.de\/index.php?rest_route=\/wp\/v2\/posts\/2678","targetHints":{"allow":["GET"]}}],"collection":[{"href":"https:\/\/buergerverein-ohmstede.de\/index.php?rest_route=\/wp\/v2\/posts"}],"about":[{"href":"https:\/\/buergerverein-ohmstede.de\/index.php?rest_route=\/wp\/v2\/types\/post"}],"author":[{"embeddable":true,"href":"https:\/\/buergerverein-ohmstede.de\/index.php?rest_route=\/wp\/v2\/users\/3"}],"replies":[{"embeddable":true,"href":"https:\/\/buergerverein-ohmstede.de\/index.php?rest_route=%2Fwp%2Fv2%2Fcomments&post=2678"}],"version-history":[{"count":1,"href":"https:\/\/buergerverein-ohmstede.de\/index.php?rest_route=\/wp\/v2\/posts\/2678\/revisions"}],"predecessor-version":[{"id":2679,"href":"https:\/\/buergerverein-ohmstede.de\/index.php?rest_route=\/wp\/v2\/posts\/2678\/revisions\/2679"}],"wp:attachment":[{"href":"https:\/\/buergerverein-ohmstede.de\/index.php?rest_route=%2Fwp%2Fv2%2Fmedia&parent=2678"}],"wp:term":[{"taxonomy":"category","embeddable":true,"href":"https:\/\/buergerverein-ohmstede.de\/index.php?rest_route=%2Fwp%2Fv2%2Fcategories&post=2678"},{"taxonomy":"post_tag","embeddable":true,"href":"https:\/\/buergerverein-ohmstede.de\/index.php?rest_route=%2Fwp%2Fv2%2Ftags&post=2678"}],"curies":[{"name":"wp","href":"https:\/\/api.w.org\/{rel}","templated":true}]}}