{"id":2674,"date":"2025-11-01T08:02:56","date_gmt":"2025-11-01T07:02:56","guid":{"rendered":"https:\/\/buergerverein-ohmstede.de\/?p=2674"},"modified":"2025-10-20T21:07:02","modified_gmt":"2025-10-20T19:07:02","slug":"vorbericht-gespraechsrunde-cdu","status":"publish","type":"post","link":"https:\/\/buergerverein-ohmstede.de\/?p=2674","title":{"rendered":"Vorbericht Gespr\u00e4chsrunde CDU"},"content":{"rendered":"\n<h2 class=\"wp-block-heading\"><\/h2>\n\n\n\n<p>Das n\u00e4chste B\u00fcrgergespr\u00e4ch mit der CDU-Ratsfraktion findet am 25. November um 19.00 Uhr im Kulturzentrum statt. F\u00fcr Fragen und den pers\u00f6nlichen Austausch stehen Frau Niewerth-Baumann und Herr Stefan Menke von der CDU zur Verf\u00fcgung. Ziel der Veranstaltung ist es, mit den verantwortlichen Ratsmitgliedern in einen offenen und konstruktiven Dialog zu treten. Voraussichtlich werden auch diesmal die Themen der ersten Gespr\u00e4chsrunde im Mittelpunkt stehen. Dazu z\u00e4hlen unter anderem die Finanzen der Stadt Oldenburg, B\u00fcrgerbeteiligung am Beispiel der Baumschutzsatzung und des Stadionneubaus, die Zukunft von Fl\u00f6tenteichbad und Bornhorster See, der Stadtteil-Check, Fragen zur Gewerbeansiedlung sowie zur Stra\u00dfenplanung. Alle interessierten B\u00fcrgerinnen und B\u00fcrger sind herzlich eingeladen, auch eigene Fragen zu stellen und somit die Gelegenheit zum direkten Austausch mit politischen Entscheidern zu nutzen. G\u00e4ste aus den Ortsvereinen und dem Stadtteil sind ebenfalls willkommen. Bvohmst<\/p>\n","protected":false},"excerpt":{"rendered":"<p>Das n\u00e4chste B\u00fcrgergespr\u00e4ch mit der CDU-Ratsfraktion findet am 25. November um 19.00 Uhr im Kulturzentrum statt. F\u00fcr Fragen und den pers\u00f6nlichen Austausch stehen Frau Niewerth-Baumann und Herr Stefan Menke von der CDU zur Verf\u00fcgung. Ziel der Veranstaltung ist es, mit den verantwortlichen Ratsmitgliedern in einen offenen und konstruktiven Dialog zu treten. Voraussichtlich werden auch diesmal [&hellip;]<\/p>\n","protected":false},"author":3,"featured_media":0,"comment_status":"closed","ping_status":"closed","sticky":false,"template":"","format":"standard","meta":{"footnotes":""},"categories":[1],"tags":[],"class_list":["post-2674","post","type-post","status-publish","format-standard","hentry","category-uncategorized"],"_links":{"self":[{"href":"https:\/\/buergerverein-ohmstede.de\/index.php?rest_route=\/wp\/v2\/posts\/2674","targetHints":{"allow":["GET"]}}],"collection":[{"href":"https:\/\/buergerverein-ohmstede.de\/index.php?rest_route=\/wp\/v2\/posts"}],"about":[{"href":"https:\/\/buergerverein-ohmstede.de\/index.php?rest_route=\/wp\/v2\/types\/post"}],"author":[{"embeddable":true,"href":"https:\/\/buergerverein-ohmstede.de\/index.php?rest_route=\/wp\/v2\/users\/3"}],"replies":[{"embeddable":true,"href":"https:\/\/buergerverein-ohmstede.de\/index.php?rest_route=%2Fwp%2Fv2%2Fcomments&post=2674"}],"version-history":[{"count":1,"href":"https:\/\/buergerverein-ohmstede.de\/index.php?rest_route=\/wp\/v2\/posts\/2674\/revisions"}],"predecessor-version":[{"id":2675,"href":"https:\/\/buergerverein-ohmstede.de\/index.php?rest_route=\/wp\/v2\/posts\/2674\/revisions\/2675"}],"wp:attachment":[{"href":"https:\/\/buergerverein-ohmstede.de\/index.php?rest_route=%2Fwp%2Fv2%2Fmedia&parent=2674"}],"wp:term":[{"taxonomy":"category","embeddable":true,"href":"https:\/\/buergerverein-ohmstede.de\/index.php?rest_route=%2Fwp%2Fv2%2Fcategories&post=2674"},{"taxonomy":"post_tag","embeddable":true,"href":"https:\/\/buergerverein-ohmstede.de\/index.php?rest_route=%2Fwp%2Fv2%2Ftags&post=2674"}],"curies":[{"name":"wp","href":"https:\/\/api.w.org\/{rel}","templated":true}]}}