{"id":2670,"date":"2025-11-01T08:01:10","date_gmt":"2025-11-01T07:01:10","guid":{"rendered":"https:\/\/buergerverein-ohmstede.de\/?p=2670"},"modified":"2025-10-20T21:06:25","modified_gmt":"2025-10-20T19:06:25","slug":"buergerfruehstueck-5","status":"publish","type":"post","link":"https:\/\/buergerverein-ohmstede.de\/?p=2670","title":{"rendered":"B\u00fcrgerfr\u00fchst\u00fcck"},"content":{"rendered":"\n<h2 class=\"wp-block-heading\"><\/h2>\n\n\n\n<p>Am Sonntag, dem 12. Oktober, lud der B\u00fcrgerverein Ohmstede seine Mitglieder zu einem herbstlichen Fr\u00fchst\u00fcck ins Kulturzentrum Ohmstede ein. In stimmungsvoll dekorierten R\u00e4umen kamen zahlreiche G\u00e4ste zusammen, um bei Kaffee, Br\u00f6tchen, selbstgemachten Leckereien und guter Gesellschaft den Tag zu beginnen. Das reichhaltige Buffet war das Ergebnis vieler helfender H\u00e4nde: Mitglieder brachten Speisen mit, halfen beim Aufbau und sorgten auch beim Aufr\u00e4umen f\u00fcr ein reibungsloses Miteinander. Die freundliche Atmosph\u00e4re und das gemeinsame Genie\u00dfen machten das Fr\u00fchst\u00fcck zu einem besonderen Erlebnis, das den Herbst mit all seinen Farben und Aromen sp\u00fcrbar werden lie\u00df. Der B\u00fcrgerverein bedankt sich herzlich bei allen, die zum Gelingen beigetragen haben. Solche Momente st\u00e4rken das meinschaftsgef\u00fchl und bleiben in Erinnerung. Schon jetzt steht fest: Das n\u00e4chste Fr\u00fchst\u00fcck ist f\u00fcr das Fr\u00fchjahr 2026 geplant. Bvohmst<\/p>\n\n\n\n<figure class=\"wp-block-image\"><a href=\"https:\/\/buergerverein-ohmstede.de\/wp-content\/uploads\/2025\/10\/bv-ohmstede-omz-11-buergerfruehstueck-2-2025-10-12-rotated.jpg\"><img loading=\"lazy\" decoding=\"async\" width=\"480\" height=\"640\" src=\"https:\/\/buergerverein-ohmstede.de\/wp-content\/uploads\/2025\/10\/bv-ohmstede-omz-11-buergerfruehstueck-2-2025-10-12-rotated.jpg\" alt=\"\" class=\"wp-image-2659\" srcset=\"https:\/\/buergerverein-ohmstede.de\/wp-content\/uploads\/2025\/10\/bv-ohmstede-omz-11-buergerfruehstueck-2-2025-10-12-rotated.jpg 480w, https:\/\/buergerverein-ohmstede.de\/wp-content\/uploads\/2025\/10\/bv-ohmstede-omz-11-buergerfruehstueck-2-2025-10-12-225x300.jpg 225w\" sizes=\"auto, (max-width: 480px) 100vw, 480px\" \/><\/a><\/figure>\n\n\n\n<p>Ohmsteder beim B\u00fcrgerfr\u00fchst\u00fcck im Kulturzentrum<\/p>\n","protected":false},"excerpt":{"rendered":"<p>Am Sonntag, dem 12. Oktober, lud der B\u00fcrgerverein Ohmstede seine Mitglieder zu einem herbstlichen Fr\u00fchst\u00fcck ins Kulturzentrum Ohmstede ein. In stimmungsvoll dekorierten R\u00e4umen kamen zahlreiche G\u00e4ste zusammen, um bei Kaffee, Br\u00f6tchen, selbstgemachten Leckereien und guter Gesellschaft den Tag zu beginnen. Das reichhaltige Buffet war das Ergebnis vieler helfender H\u00e4nde: Mitglieder brachten Speisen mit, halfen beim [&hellip;]<\/p>\n","protected":false},"author":3,"featured_media":0,"comment_status":"closed","ping_status":"closed","sticky":false,"template":"","format":"standard","meta":{"footnotes":""},"categories":[1],"tags":[],"class_list":["post-2670","post","type-post","status-publish","format-standard","hentry","category-uncategorized"],"_links":{"self":[{"href":"https:\/\/buergerverein-ohmstede.de\/index.php?rest_route=\/wp\/v2\/posts\/2670","targetHints":{"allow":["GET"]}}],"collection":[{"href":"https:\/\/buergerverein-ohmstede.de\/index.php?rest_route=\/wp\/v2\/posts"}],"about":[{"href":"https:\/\/buergerverein-ohmstede.de\/index.php?rest_route=\/wp\/v2\/types\/post"}],"author":[{"embeddable":true,"href":"https:\/\/buergerverein-ohmstede.de\/index.php?rest_route=\/wp\/v2\/users\/3"}],"replies":[{"embeddable":true,"href":"https:\/\/buergerverein-ohmstede.de\/index.php?rest_route=%2Fwp%2Fv2%2Fcomments&post=2670"}],"version-history":[{"count":1,"href":"https:\/\/buergerverein-ohmstede.de\/index.php?rest_route=\/wp\/v2\/posts\/2670\/revisions"}],"predecessor-version":[{"id":2671,"href":"https:\/\/buergerverein-ohmstede.de\/index.php?rest_route=\/wp\/v2\/posts\/2670\/revisions\/2671"}],"wp:attachment":[{"href":"https:\/\/buergerverein-ohmstede.de\/index.php?rest_route=%2Fwp%2Fv2%2Fmedia&parent=2670"}],"wp:term":[{"taxonomy":"category","embeddable":true,"href":"https:\/\/buergerverein-ohmstede.de\/index.php?rest_route=%2Fwp%2Fv2%2Fcategories&post=2670"},{"taxonomy":"post_tag","embeddable":true,"href":"https:\/\/buergerverein-ohmstede.de\/index.php?rest_route=%2Fwp%2Fv2%2Ftags&post=2670"}],"curies":[{"name":"wp","href":"https:\/\/api.w.org\/{rel}","templated":true}]}}