{"id":2668,"date":"2025-11-01T08:00:39","date_gmt":"2025-11-01T07:00:39","guid":{"rendered":"https:\/\/buergerverein-ohmstede.de\/?p=2668"},"modified":"2025-10-20T21:06:08","modified_gmt":"2025-10-20T19:06:08","slug":"zu-gast-im-landtag","status":"publish","type":"post","link":"https:\/\/buergerverein-ohmstede.de\/?p=2668","title":{"rendered":"Zu Gast im Landtag"},"content":{"rendered":"\n<h2 class=\"wp-block-heading\"><\/h2>\n\n\n\n<p>Auf Einladung der Landtagsabgeordneten Frau Hanna Naber und Herrn Ulf Prange fuhren die B\u00fcrgervereine Nadorst, B\u00fcrgerfelde, Haarentor-Wechloy und Ohmstede am 9. Oktober gemeinsam nach Hannover. Nach der Ankunft besichtigten wir zun\u00e4chst das Neue Rathaus, begleitet von einer engagierten und kenntnisreichen Rathausf\u00fchrerin. Die Mittagspause verbrachten wir in der angrenzenden Markthalle, bevor wir im Landtag empfangen wurden. Nach einer kurzen Einf\u00fchrung in die Abl\u00e4ufe und Verhaltensregeln des Landtags erhielten wir durch ein informatives Video einen Einblick in die Struktur und Aufgaben des Parlaments sowie seiner Verwaltung. Anschlie\u00dfend durften wir einer \u00f6ffentlichen Sitzung zum Thema Inklusion beiwohnen \u2013 ein spannender und aufschlussreicher Programmpunkt. Bei Kaffee und Kuchen bot sich die Gelegenheit, mit den Abgeordneten Herrn Ulf Prange (SPD) und Frau Lena Nzume (Gr\u00fcne) ins Gespr\u00e4ch zu kommen. Die Teilnehmenden nutzten diese Fragerunde intensiv, um sich \u00fcber die Arbeit im Landtag und aktuelle Themen aus Oldenburg zu informieren. Ein besonderes Highlight war der Besuch im B\u00fcro von Frau Hanna Naber, Pr\u00e4sidentin des Nieders\u00e4chsischen Landtags \u2013 laut Aussage vieler das sch\u00f6nste B\u00fcro in ganz Niedersachsen. Nach dem obligatorischen Gruppenfoto auf der Landtagstreppe traten wir die R\u00fcckreise an. Ein rundum gelungener Tag mit vielen Eindr\u00fccken \u2013 eine Teilnahme lohnte sich! Bvohmst<\/p>\n\n\n\n<figure class=\"wp-block-image\"><a href=\"https:\/\/buergerverein-ohmstede.de\/wp-content\/uploads\/2025\/10\/bv-ohmstede-omz-11-landtag-2-2025-10-09-rotated.jpg\"><img loading=\"lazy\" decoding=\"async\" width=\"480\" height=\"640\" src=\"https:\/\/buergerverein-ohmstede.de\/wp-content\/uploads\/2025\/10\/bv-ohmstede-omz-11-landtag-2-2025-10-09-rotated.jpg\" alt=\"\" class=\"wp-image-2657\" srcset=\"https:\/\/buergerverein-ohmstede.de\/wp-content\/uploads\/2025\/10\/bv-ohmstede-omz-11-landtag-2-2025-10-09-rotated.jpg 480w, https:\/\/buergerverein-ohmstede.de\/wp-content\/uploads\/2025\/10\/bv-ohmstede-omz-11-landtag-2-2025-10-09-225x300.jpg 225w\" sizes=\"auto, (max-width: 480px) 100vw, 480px\" \/><\/a><\/figure>\n\n\n\n<p>Ulf Prange und Hanna Naber begr\u00fc\u00dften die Oldenburger B\u00fcrgerinnen und B\u00fcrger<\/p>\n\n\n\n<h2 class=\"wp-block-heading\"><\/h2>\n","protected":false},"excerpt":{"rendered":"<p>Auf Einladung der Landtagsabgeordneten Frau Hanna Naber und Herrn Ulf Prange fuhren die B\u00fcrgervereine Nadorst, B\u00fcrgerfelde, Haarentor-Wechloy und Ohmstede am 9. Oktober gemeinsam nach Hannover. Nach der Ankunft besichtigten wir zun\u00e4chst das Neue Rathaus, begleitet von einer engagierten und kenntnisreichen Rathausf\u00fchrerin. Die Mittagspause verbrachten wir in der angrenzenden Markthalle, bevor wir im Landtag empfangen wurden. [&hellip;]<\/p>\n","protected":false},"author":3,"featured_media":0,"comment_status":"closed","ping_status":"closed","sticky":false,"template":"","format":"standard","meta":{"footnotes":""},"categories":[1],"tags":[],"class_list":["post-2668","post","type-post","status-publish","format-standard","hentry","category-uncategorized"],"_links":{"self":[{"href":"https:\/\/buergerverein-ohmstede.de\/index.php?rest_route=\/wp\/v2\/posts\/2668","targetHints":{"allow":["GET"]}}],"collection":[{"href":"https:\/\/buergerverein-ohmstede.de\/index.php?rest_route=\/wp\/v2\/posts"}],"about":[{"href":"https:\/\/buergerverein-ohmstede.de\/index.php?rest_route=\/wp\/v2\/types\/post"}],"author":[{"embeddable":true,"href":"https:\/\/buergerverein-ohmstede.de\/index.php?rest_route=\/wp\/v2\/users\/3"}],"replies":[{"embeddable":true,"href":"https:\/\/buergerverein-ohmstede.de\/index.php?rest_route=%2Fwp%2Fv2%2Fcomments&post=2668"}],"version-history":[{"count":1,"href":"https:\/\/buergerverein-ohmstede.de\/index.php?rest_route=\/wp\/v2\/posts\/2668\/revisions"}],"predecessor-version":[{"id":2669,"href":"https:\/\/buergerverein-ohmstede.de\/index.php?rest_route=\/wp\/v2\/posts\/2668\/revisions\/2669"}],"wp:attachment":[{"href":"https:\/\/buergerverein-ohmstede.de\/index.php?rest_route=%2Fwp%2Fv2%2Fmedia&parent=2668"}],"wp:term":[{"taxonomy":"category","embeddable":true,"href":"https:\/\/buergerverein-ohmstede.de\/index.php?rest_route=%2Fwp%2Fv2%2Fcategories&post=2668"},{"taxonomy":"post_tag","embeddable":true,"href":"https:\/\/buergerverein-ohmstede.de\/index.php?rest_route=%2Fwp%2Fv2%2Ftags&post=2668"}],"curies":[{"name":"wp","href":"https:\/\/api.w.org\/{rel}","templated":true}]}}