{"id":2666,"date":"2025-11-01T07:58:19","date_gmt":"2025-11-01T06:58:19","guid":{"rendered":"https:\/\/buergerverein-ohmstede.de\/?p=2666"},"modified":"2025-10-20T21:05:24","modified_gmt":"2025-10-20T19:05:24","slug":"100-jahre-freiwillige-feuerwehr-ohmstede","status":"publish","type":"post","link":"https:\/\/buergerverein-ohmstede.de\/?p=2666","title":{"rendered":"100 Jahre Freiwillige Feuerwehr Ohmstede"},"content":{"rendered":"\n<h2 class=\"wp-block-heading\"><\/h2>\n\n\n\n<p>Feierliches Jubil\u00e4um mit Tag der offenen T\u00fcr und Grillabend mit den Ortsvereinen Die Freiwillige Feuerwehr Ohmstede blickt auf 100 Jahre ehrenamtlichen Einsatz f\u00fcr die Sicherheit der B\u00fcrgerinnen und B\u00fcrger zur\u00fcck \u2013 ein stolzes Jubil\u00e4um, das am 7. September 2025 mit einem Tag der offenen T\u00fcr und am 20. September mit einem gemeinsamen Grillabend mit den Ortsvereinen geb\u00fchrend gefeiert wurde. Zahlreiche Besucherinnen und Besucher nutzten den Tag der offenen T\u00fcr, um die Arbeit der Feuerwehr n\u00e4her kennenzulernen, Einsatzfahrzeuge zu besichtigen und mit den Kameradinnen und Kameraden ins Gespr\u00e4ch zu kommen. F\u00fcr das leibliche Wohl war bestens gesorgt: Bratwurst und Getr\u00e4nke luden zum Verweilen ein und rundeten das Programm kulinarisch ab.<br>Am 20. September folgte der Grillabend, zu dem die Feuerwehr die \u00f6rtlichen Vereine, befreundete Feuerwehren sowie Hilfsorganisationen eingeladen hatte. In geselliger Runde wurde gefeiert, gelacht und auf ein Jahrhundert gelebte Gemeinschaft zur\u00fcckgeblickt. Zu Beginn des sehr sch\u00f6nen Abends ergriff der Vorsitzende des B\u00fcrgervereins das Wort. In seiner Ansprache w\u00fcrdigte er die herausragende Arbeit der Feuerwehr, ihren unerm\u00fcdlichen Einsatz f\u00fcr die Allgemeinheit sowie die enge Verbundenheit innerhalb der Ohmsteder Ortsvereine. Als Zeichen der Wertsch\u00e4tzung \u00fcberreichte er im Namen aller Vereine ein gemeinsames Geschenk \u2013 verbunden mit den herzlichsten W\u00fcnschen f\u00fcr die kommenden 100 Jahre. Bvohmst<\/p>\n","protected":false},"excerpt":{"rendered":"<p>Feierliches Jubil\u00e4um mit Tag der offenen T\u00fcr und Grillabend mit den Ortsvereinen Die Freiwillige Feuerwehr Ohmstede blickt auf 100 Jahre ehrenamtlichen Einsatz f\u00fcr die Sicherheit der B\u00fcrgerinnen und B\u00fcrger zur\u00fcck \u2013 ein stolzes Jubil\u00e4um, das am 7. September 2025 mit einem Tag der offenen T\u00fcr und am 20. September mit einem gemeinsamen Grillabend mit den [&hellip;]<\/p>\n","protected":false},"author":3,"featured_media":0,"comment_status":"closed","ping_status":"closed","sticky":false,"template":"","format":"standard","meta":{"footnotes":""},"categories":[1],"tags":[],"class_list":["post-2666","post","type-post","status-publish","format-standard","hentry","category-uncategorized"],"_links":{"self":[{"href":"https:\/\/buergerverein-ohmstede.de\/index.php?rest_route=\/wp\/v2\/posts\/2666","targetHints":{"allow":["GET"]}}],"collection":[{"href":"https:\/\/buergerverein-ohmstede.de\/index.php?rest_route=\/wp\/v2\/posts"}],"about":[{"href":"https:\/\/buergerverein-ohmstede.de\/index.php?rest_route=\/wp\/v2\/types\/post"}],"author":[{"embeddable":true,"href":"https:\/\/buergerverein-ohmstede.de\/index.php?rest_route=\/wp\/v2\/users\/3"}],"replies":[{"embeddable":true,"href":"https:\/\/buergerverein-ohmstede.de\/index.php?rest_route=%2Fwp%2Fv2%2Fcomments&post=2666"}],"version-history":[{"count":1,"href":"https:\/\/buergerverein-ohmstede.de\/index.php?rest_route=\/wp\/v2\/posts\/2666\/revisions"}],"predecessor-version":[{"id":2667,"href":"https:\/\/buergerverein-ohmstede.de\/index.php?rest_route=\/wp\/v2\/posts\/2666\/revisions\/2667"}],"wp:attachment":[{"href":"https:\/\/buergerverein-ohmstede.de\/index.php?rest_route=%2Fwp%2Fv2%2Fmedia&parent=2666"}],"wp:term":[{"taxonomy":"category","embeddable":true,"href":"https:\/\/buergerverein-ohmstede.de\/index.php?rest_route=%2Fwp%2Fv2%2Fcategories&post=2666"},{"taxonomy":"post_tag","embeddable":true,"href":"https:\/\/buergerverein-ohmstede.de\/index.php?rest_route=%2Fwp%2Fv2%2Ftags&post=2666"}],"curies":[{"name":"wp","href":"https:\/\/api.w.org\/{rel}","templated":true}]}}