{"id":2642,"date":"2025-10-01T12:07:02","date_gmt":"2025-10-01T10:07:02","guid":{"rendered":"https:\/\/buergerverein-ohmstede.de\/?p=2642"},"modified":"2025-10-31T09:59:15","modified_gmt":"2025-10-31T08:59:15","slug":"buergergespraeche-frau-kruse-von-den-gruenen-zu-gast-in-ohmstede","status":"publish","type":"post","link":"https:\/\/buergerverein-ohmstede.de\/?p=2642","title":{"rendered":"B\u00fcrgergespr\u00e4che &#8211; Frau Kruse von den Gr\u00fcnen zu Gast in Ohmstede"},"content":{"rendered":"\n<p>In Absprache mit den Ortsvereinen des Stadtteils Ohmstede hat der B\u00fcrgerverein Frau Ingrid Kruse von den Gr\u00fcnen am 23. Oktober um 19 Uhr ins Kulturzentrum zu einem B\u00fcrgergespr\u00e4ch eingeladen. Geplant ist eine j\u00e4hrliche Wiederholung dieser Gespr\u00e4chsrunden, damit eventuelle Gespr\u00e4chsergebnisse besser nachgehalten werden k\u00f6nnen. Die Veranstaltung wird ca. zwei Stunden dauern. In diesen Gespr\u00e4chsrunden geht es unter anderem um die Themen: Schwierigkeiten und Probleme des Stadtteils sowie der ans\u00e4ssigen Vereine bei der Umsetzung ihrer Vereinsaktivit\u00e4ten. Es bietet sich eine Vielzahl von Diskussionsthemen an wie beispielsweise die Baumschutzsatzung, das Fl\u00f6tenteichbad, der Fortbestand der aktuellen Gewerbeentwicklung, R\u00e4umlichkeiten f\u00fcr die Vereinsentwicklung, L\u00e4rmbel\u00e4stigung durch die Autobahn, die Entwicklung des Windparks und Fragen aus dem Stadtteil-Check. Die geplanten Themenschwerpunkte und Fragen werden drei Wochen vor dem Gespr\u00e4chstermin an Frau Kruse zur Vorbereitung \u00fcbermittelt. Durch diese Vorgehensweise erhofft sich der B\u00fcrgerverein eine bessere Qualit\u00e4t der Antworten.<br>Die Besucher der Veranstaltung k\u00f6nnen durch pers\u00f6nliche Fragestellungen aktiv an der Gespr\u00e4chsrunde teilnehmen. Durch diese Gespr\u00e4chsrunden m\u00f6chte der B\u00fcrgerverein mehr B\u00fcrgern\u00e4he von der Stadtverwaltung und den Ratsfraktionen erreichen. Aktuell finden aus Sicht des B\u00fcrgervereins Entscheidungen seitens der Stadt und Politik am B\u00fcrger vorbei statt. Der B\u00fcrgerverein hofft auf eine rege Beteiligung aus den Ortsvereinen des Stadtteils Ohmstede. Nat\u00fcrlich sind auch G\u00e4ste und Interessierte herzlich willkommen. (bohmst)<\/p>\n","protected":false},"excerpt":{"rendered":"<p>In Absprache mit den Ortsvereinen des Stadtteils Ohmstede hat der B\u00fcrgerverein Frau Ingrid Kruse von den Gr\u00fcnen am 23. Oktober um 19 Uhr ins Kulturzentrum zu einem B\u00fcrgergespr\u00e4ch eingeladen. Geplant ist eine j\u00e4hrliche Wiederholung dieser Gespr\u00e4chsrunden, damit eventuelle Gespr\u00e4chsergebnisse besser nachgehalten werden k\u00f6nnen. Die Veranstaltung wird ca. zwei Stunden dauern. In diesen Gespr\u00e4chsrunden geht es [&hellip;]<\/p>\n","protected":false},"author":3,"featured_media":0,"comment_status":"closed","ping_status":"closed","sticky":false,"template":"","format":"standard","meta":{"footnotes":""},"categories":[1],"tags":[],"class_list":["post-2642","post","type-post","status-publish","format-standard","hentry","category-uncategorized"],"_links":{"self":[{"href":"https:\/\/buergerverein-ohmstede.de\/index.php?rest_route=\/wp\/v2\/posts\/2642","targetHints":{"allow":["GET"]}}],"collection":[{"href":"https:\/\/buergerverein-ohmstede.de\/index.php?rest_route=\/wp\/v2\/posts"}],"about":[{"href":"https:\/\/buergerverein-ohmstede.de\/index.php?rest_route=\/wp\/v2\/types\/post"}],"author":[{"embeddable":true,"href":"https:\/\/buergerverein-ohmstede.de\/index.php?rest_route=\/wp\/v2\/users\/3"}],"replies":[{"embeddable":true,"href":"https:\/\/buergerverein-ohmstede.de\/index.php?rest_route=%2Fwp%2Fv2%2Fcomments&post=2642"}],"version-history":[{"count":2,"href":"https:\/\/buergerverein-ohmstede.de\/index.php?rest_route=\/wp\/v2\/posts\/2642\/revisions"}],"predecessor-version":[{"id":2691,"href":"https:\/\/buergerverein-ohmstede.de\/index.php?rest_route=\/wp\/v2\/posts\/2642\/revisions\/2691"}],"wp:attachment":[{"href":"https:\/\/buergerverein-ohmstede.de\/index.php?rest_route=%2Fwp%2Fv2%2Fmedia&parent=2642"}],"wp:term":[{"taxonomy":"category","embeddable":true,"href":"https:\/\/buergerverein-ohmstede.de\/index.php?rest_route=%2Fwp%2Fv2%2Fcategories&post=2642"},{"taxonomy":"post_tag","embeddable":true,"href":"https:\/\/buergerverein-ohmstede.de\/index.php?rest_route=%2Fwp%2Fv2%2Ftags&post=2642"}],"curies":[{"name":"wp","href":"https:\/\/api.w.org\/{rel}","templated":true}]}}