{"id":2640,"date":"2025-10-01T12:05:00","date_gmt":"2025-10-01T10:05:00","guid":{"rendered":"https:\/\/buergerverein-ohmstede.de\/?p=2640"},"modified":"2025-09-19T12:05:16","modified_gmt":"2025-09-19T10:05:16","slug":"tueschenruup-ut-fokkos-kopp","status":"publish","type":"post","link":"https:\/\/buergerverein-ohmstede.de\/?p=2640","title":{"rendered":"\u201eT\u00fcschenruup ut Fokkos Kopp\u201c"},"content":{"rendered":"\n<p>Fokko haar s\u00fck oover d&#8216; S\u00f6mmer wies wat v\u00f6rnommen: He wul mit wel proten. Recht proten. Um dat he s\u00fck oover wat aargert haar un d&#8217;r tau Fragen haar. Man Fokko segt: &#8222;Mit schrieven &#8211; dat kriegen wi neet so good hen.&#8220; Dat maarken wi ook altiid weer: Social Media, Messengers, E-mail &#8211; s\u00fck mit Texten in de Pl\u00fcnnen to hebben, dat is, as wenn du Water in\u2019n Seev sch\u00fcppen wullt. Dat word nix. Eenmaal mitnanner proten oder noch beter mit n K\u00f6ppke Tee binaren sitten &#8211; dann l\u00f6ppt meest! Disse S\u00f6mmer het Fokko dat eenmaal neet klor kreegen. De prot bleev uut, de Arger hangt noch in de L\u00fccht. Mannu het he murken, dat &#8218;t anner L\u00fc net soo geit. Do man s\u00fck dr\u00f6pt un daar\u00f6ver proot, markt man dat de Arger henlopen kan. Nu is Fokko weer tofree. Fokko meent nu: Viillicht is af un to \u2019n unprot Woord ok mal beter as n prot. (bvohmst sien fokko)<\/p>\n","protected":false},"excerpt":{"rendered":"<p>Fokko haar s\u00fck oover d&#8216; S\u00f6mmer wies wat v\u00f6rnommen: He wul mit wel proten. Recht proten. Um dat he s\u00fck oover wat aargert haar un d&#8217;r tau Fragen haar. Man Fokko segt: &#8222;Mit schrieven &#8211; dat kriegen wi neet so good hen.&#8220; Dat maarken wi ook altiid weer: Social Media, Messengers, E-mail &#8211; s\u00fck mit [&hellip;]<\/p>\n","protected":false},"author":3,"featured_media":0,"comment_status":"closed","ping_status":"closed","sticky":false,"template":"","format":"standard","meta":{"footnotes":""},"categories":[1],"tags":[],"class_list":["post-2640","post","type-post","status-publish","format-standard","hentry","category-uncategorized"],"_links":{"self":[{"href":"https:\/\/buergerverein-ohmstede.de\/index.php?rest_route=\/wp\/v2\/posts\/2640","targetHints":{"allow":["GET"]}}],"collection":[{"href":"https:\/\/buergerverein-ohmstede.de\/index.php?rest_route=\/wp\/v2\/posts"}],"about":[{"href":"https:\/\/buergerverein-ohmstede.de\/index.php?rest_route=\/wp\/v2\/types\/post"}],"author":[{"embeddable":true,"href":"https:\/\/buergerverein-ohmstede.de\/index.php?rest_route=\/wp\/v2\/users\/3"}],"replies":[{"embeddable":true,"href":"https:\/\/buergerverein-ohmstede.de\/index.php?rest_route=%2Fwp%2Fv2%2Fcomments&post=2640"}],"version-history":[{"count":1,"href":"https:\/\/buergerverein-ohmstede.de\/index.php?rest_route=\/wp\/v2\/posts\/2640\/revisions"}],"predecessor-version":[{"id":2641,"href":"https:\/\/buergerverein-ohmstede.de\/index.php?rest_route=\/wp\/v2\/posts\/2640\/revisions\/2641"}],"wp:attachment":[{"href":"https:\/\/buergerverein-ohmstede.de\/index.php?rest_route=%2Fwp%2Fv2%2Fmedia&parent=2640"}],"wp:term":[{"taxonomy":"category","embeddable":true,"href":"https:\/\/buergerverein-ohmstede.de\/index.php?rest_route=%2Fwp%2Fv2%2Fcategories&post=2640"},{"taxonomy":"post_tag","embeddable":true,"href":"https:\/\/buergerverein-ohmstede.de\/index.php?rest_route=%2Fwp%2Fv2%2Ftags&post=2640"}],"curies":[{"name":"wp","href":"https:\/\/api.w.org\/{rel}","templated":true}]}}