{"id":2636,"date":"2025-10-01T12:01:36","date_gmt":"2025-10-01T10:01:36","guid":{"rendered":"https:\/\/buergerverein-ohmstede.de\/?p=2636"},"modified":"2025-09-19T12:02:25","modified_gmt":"2025-09-19T10:02:25","slug":"erlebnistag-schuetzenverein-ohmstede","status":"publish","type":"post","link":"https:\/\/buergerverein-ohmstede.de\/?p=2636","title":{"rendered":"Erlebnistag Sch\u00fctzenverein Ohmstede"},"content":{"rendered":"\n<p>Am Erlebnistag des 31. August waren wir als B\u00fcrgerverein mit einem Informationsstand vertreten. Neben den \u00fcblichen Ausk\u00fcnften zu unseren vielf\u00e4ltigen Aktivit\u00e4ten entwickelten sich an unserem Stand sehr intensive Diskussionen \u00fcber die neue Baumschutzsatzung. Das Interesse der B\u00fcrgerinnen und B\u00fcrger war bemerkenswert gro\u00df, und wir konnten zahlreiche Unterschriften f\u00fcr das B\u00fcrgerbegehren sammeln. Besonders erfreulich war, dass wir auch ein Gl\u00fccksrad aufgestellt hatten, an dem Klein und Gro\u00df S\u00fc\u00dfigkeiten oder eine Diers-Milch gewinnen konnten. Diese Attraktion sorgte nicht nur f\u00fcr gute Stimmung, sondern lockte auch viele Familien an unseren Stand, wodurch wir noch mehr Menschen \u00fcber unsere Anliegen informieren konnten. (bvohmst)<\/p>\n\n\n\n<figure class=\"wp-block-image size-large is-resized\"><a href=\"https:\/\/buergerverein-ohmstede.de\/wp-content\/uploads\/2025\/09\/bv-ohmstede-omz-10-01.jpeg\"><img loading=\"lazy\" decoding=\"async\" width=\"768\" height=\"1024\" src=\"https:\/\/buergerverein-ohmstede.de\/wp-content\/uploads\/2025\/09\/bv-ohmstede-omz-10-01-768x1024.jpeg\" alt=\"\" class=\"wp-image-2626\" style=\"width:313px;height:auto\" srcset=\"https:\/\/buergerverein-ohmstede.de\/wp-content\/uploads\/2025\/09\/bv-ohmstede-omz-10-01-768x1024.jpeg 768w, https:\/\/buergerverein-ohmstede.de\/wp-content\/uploads\/2025\/09\/bv-ohmstede-omz-10-01-225x300.jpeg 225w, https:\/\/buergerverein-ohmstede.de\/wp-content\/uploads\/2025\/09\/bv-ohmstede-omz-10-01-1152x1536.jpeg 1152w, https:\/\/buergerverein-ohmstede.de\/wp-content\/uploads\/2025\/09\/bv-ohmstede-omz-10-01.jpeg 1200w\" sizes=\"auto, (max-width: 768px) 100vw, 768px\" \/><\/a><\/figure>\n\n\n\n<p>BV Ohmstede beim Erlebnistag des Sch\u00fctzenvereins<\/p>\n","protected":false},"excerpt":{"rendered":"<p>Am Erlebnistag des 31. August waren wir als B\u00fcrgerverein mit einem Informationsstand vertreten. Neben den \u00fcblichen Ausk\u00fcnften zu unseren vielf\u00e4ltigen Aktivit\u00e4ten entwickelten sich an unserem Stand sehr intensive Diskussionen \u00fcber die neue Baumschutzsatzung. Das Interesse der B\u00fcrgerinnen und B\u00fcrger war bemerkenswert gro\u00df, und wir konnten zahlreiche Unterschriften f\u00fcr das B\u00fcrgerbegehren sammeln. Besonders erfreulich war, dass [&hellip;]<\/p>\n","protected":false},"author":3,"featured_media":0,"comment_status":"closed","ping_status":"closed","sticky":false,"template":"","format":"standard","meta":{"footnotes":""},"categories":[1],"tags":[],"class_list":["post-2636","post","type-post","status-publish","format-standard","hentry","category-uncategorized"],"_links":{"self":[{"href":"https:\/\/buergerverein-ohmstede.de\/index.php?rest_route=\/wp\/v2\/posts\/2636","targetHints":{"allow":["GET"]}}],"collection":[{"href":"https:\/\/buergerverein-ohmstede.de\/index.php?rest_route=\/wp\/v2\/posts"}],"about":[{"href":"https:\/\/buergerverein-ohmstede.de\/index.php?rest_route=\/wp\/v2\/types\/post"}],"author":[{"embeddable":true,"href":"https:\/\/buergerverein-ohmstede.de\/index.php?rest_route=\/wp\/v2\/users\/3"}],"replies":[{"embeddable":true,"href":"https:\/\/buergerverein-ohmstede.de\/index.php?rest_route=%2Fwp%2Fv2%2Fcomments&post=2636"}],"version-history":[{"count":1,"href":"https:\/\/buergerverein-ohmstede.de\/index.php?rest_route=\/wp\/v2\/posts\/2636\/revisions"}],"predecessor-version":[{"id":2637,"href":"https:\/\/buergerverein-ohmstede.de\/index.php?rest_route=\/wp\/v2\/posts\/2636\/revisions\/2637"}],"wp:attachment":[{"href":"https:\/\/buergerverein-ohmstede.de\/index.php?rest_route=%2Fwp%2Fv2%2Fmedia&parent=2636"}],"wp:term":[{"taxonomy":"category","embeddable":true,"href":"https:\/\/buergerverein-ohmstede.de\/index.php?rest_route=%2Fwp%2Fv2%2Fcategories&post=2636"},{"taxonomy":"post_tag","embeddable":true,"href":"https:\/\/buergerverein-ohmstede.de\/index.php?rest_route=%2Fwp%2Fv2%2Ftags&post=2636"}],"curies":[{"name":"wp","href":"https:\/\/api.w.org\/{rel}","templated":true}]}}