{"id":2632,"date":"2025-10-01T07:58:01","date_gmt":"2025-10-01T05:58:01","guid":{"rendered":"https:\/\/buergerverein-ohmstede.de\/?p=2632"},"modified":"2025-09-26T09:42:50","modified_gmt":"2025-09-26T07:42:50","slug":"helga-baron-verstorben","status":"publish","type":"post","link":"https:\/\/buergerverein-ohmstede.de\/?p=2632","title":{"rendered":"Helga Baron verstorben"},"content":{"rendered":"\n<p>Mit gro\u00dfer Trauer nehmen wir Abschied von Helga Baron, die im Alter von 79 Jahren nach kurzer,schwerer Krankheit von uns gegangen ist. Helga Baron war ein echtes Urgestein des Ohmsteder Vereinslebens. Mit ihrem unerm\u00fcdlichen Einsatz und ihrer tiefen Verbundenheit zur Heimat pr\u00e4gte sie \u00fcber viele Jahre das kulturelle und gemeinschaftliche Leben unseres Stadtteils. Als langj\u00e4hrige Vorsitzende des Ohmster Plattd\u00fcschen Vereen setzte sie sich mit gro\u00dfer Leidenschaft f\u00fcr den Erhalt und die Pflege der plattdeutschen Sprache ein. Besonders hervorzuheben ist ihr Engagement f\u00fcr die Wiederbelebung alter Traditionen: Auf ihre Initiative hin gibt es in Ohmstede wieder einen Pfingstbaum, ganz im Sinne gelebter Heimatpflege und gemeinschaftlichen Zusammenhalts. Ihr Humor, ihre Herzlichkeit und ihre Tatkraft werden uns fehlen. Helga hinterl\u00e4sst eine L\u00fccke, die nur schwer zu f\u00fcllen ist. Unser tiefes Mitgef\u00fchl gilt Addi, ihrer Familie und allen, die ihr nahestanden.<\/p>\n\n\n\n<p>Im Namen Ohmsteder Ortsvereine<br>B\u00fcrgerverein Ohmstede<br>(R.Eilers)<\/p>\n\n\n\n<figure class=\"wp-block-image size-full\"><a href=\"https:\/\/buergerverein-ohmstede.de\/wp-content\/uploads\/2025\/09\/helga.jpg\"><img loading=\"lazy\" decoding=\"async\" width=\"358\" height=\"370\" src=\"https:\/\/buergerverein-ohmstede.de\/wp-content\/uploads\/2025\/09\/helga.jpg\" alt=\"\" class=\"wp-image-2649\" srcset=\"https:\/\/buergerverein-ohmstede.de\/wp-content\/uploads\/2025\/09\/helga.jpg 358w, https:\/\/buergerverein-ohmstede.de\/wp-content\/uploads\/2025\/09\/helga-290x300.jpg 290w\" sizes=\"auto, (max-width: 358px) 100vw, 358px\" \/><\/a><\/figure>\n\n\n\n<p>Helga Baron<\/p>\n\n\n\n<figure class=\"wp-block-image size-large is-resized\"><a href=\"https:\/\/buergerverein-ohmstede.de\/wp-content\/uploads\/2025\/09\/2025-okt-scaled.jpg\"><img loading=\"lazy\" decoding=\"async\" width=\"1024\" height=\"576\" src=\"https:\/\/buergerverein-ohmstede.de\/wp-content\/uploads\/2025\/09\/2025-okt-1024x576.jpg\" alt=\"\" class=\"wp-image-2648\" style=\"width:453px;height:auto\" srcset=\"https:\/\/buergerverein-ohmstede.de\/wp-content\/uploads\/2025\/09\/2025-okt-1024x576.jpg 1024w, https:\/\/buergerverein-ohmstede.de\/wp-content\/uploads\/2025\/09\/2025-okt-300x169.jpg 300w, https:\/\/buergerverein-ohmstede.de\/wp-content\/uploads\/2025\/09\/2025-okt-768x432.jpg 768w, https:\/\/buergerverein-ohmstede.de\/wp-content\/uploads\/2025\/09\/2025-okt-1536x864.jpg 1536w, https:\/\/buergerverein-ohmstede.de\/wp-content\/uploads\/2025\/09\/2025-okt-2048x1152.jpg 2048w\" sizes=\"auto, (max-width: 1024px) 100vw, 1024px\" \/><\/a><\/figure>\n\n\n\n<p>Ohmster Plattd\u00fcschen Vereen beim Pfingstbaumsetzen<\/p>\n","protected":false},"excerpt":{"rendered":"<p>Mit gro\u00dfer Trauer nehmen wir Abschied von Helga Baron, die im Alter von 79 Jahren nach kurzer,schwerer Krankheit von uns gegangen ist. Helga Baron war ein echtes Urgestein des Ohmsteder Vereinslebens. Mit ihrem unerm\u00fcdlichen Einsatz und ihrer tiefen Verbundenheit zur Heimat pr\u00e4gte sie \u00fcber viele Jahre das kulturelle und gemeinschaftliche Leben unseres Stadtteils. Als langj\u00e4hrige [&hellip;]<\/p>\n","protected":false},"author":3,"featured_media":0,"comment_status":"closed","ping_status":"closed","sticky":false,"template":"","format":"standard","meta":{"footnotes":""},"categories":[1],"tags":[],"class_list":["post-2632","post","type-post","status-publish","format-standard","hentry","category-uncategorized"],"_links":{"self":[{"href":"https:\/\/buergerverein-ohmstede.de\/index.php?rest_route=\/wp\/v2\/posts\/2632","targetHints":{"allow":["GET"]}}],"collection":[{"href":"https:\/\/buergerverein-ohmstede.de\/index.php?rest_route=\/wp\/v2\/posts"}],"about":[{"href":"https:\/\/buergerverein-ohmstede.de\/index.php?rest_route=\/wp\/v2\/types\/post"}],"author":[{"embeddable":true,"href":"https:\/\/buergerverein-ohmstede.de\/index.php?rest_route=\/wp\/v2\/users\/3"}],"replies":[{"embeddable":true,"href":"https:\/\/buergerverein-ohmstede.de\/index.php?rest_route=%2Fwp%2Fv2%2Fcomments&post=2632"}],"version-history":[{"count":2,"href":"https:\/\/buergerverein-ohmstede.de\/index.php?rest_route=\/wp\/v2\/posts\/2632\/revisions"}],"predecessor-version":[{"id":2652,"href":"https:\/\/buergerverein-ohmstede.de\/index.php?rest_route=\/wp\/v2\/posts\/2632\/revisions\/2652"}],"wp:attachment":[{"href":"https:\/\/buergerverein-ohmstede.de\/index.php?rest_route=%2Fwp%2Fv2%2Fmedia&parent=2632"}],"wp:term":[{"taxonomy":"category","embeddable":true,"href":"https:\/\/buergerverein-ohmstede.de\/index.php?rest_route=%2Fwp%2Fv2%2Fcategories&post=2632"},{"taxonomy":"post_tag","embeddable":true,"href":"https:\/\/buergerverein-ohmstede.de\/index.php?rest_route=%2Fwp%2Fv2%2Ftags&post=2632"}],"curies":[{"name":"wp","href":"https:\/\/api.w.org\/{rel}","templated":true}]}}