{"id":2601,"date":"2025-09-01T06:46:59","date_gmt":"2025-09-01T04:46:59","guid":{"rendered":"https:\/\/buergerverein-ohmstede.de\/?p=2601"},"modified":"2025-08-22T10:47:23","modified_gmt":"2025-08-22T08:47:23","slug":"50-jahre-bunkerclub-dorffest-in-bornhorst","status":"publish","type":"post","link":"https:\/\/buergerverein-ohmstede.de\/?p=2601","title":{"rendered":"50 Jahre Bunkerclub &#8211; Dorffest in Bornhorst"},"content":{"rendered":"\n<p>Am 02. Und am 03.August wurde das traditionelle Dorffest in Bornhorst gefeiert. In diesem Jahr stand das Fest unter einem ganz besonderen Motto, der Bunker-Club-Bornhorst feierte seinen 50.Geburtstag. Tim Diederichs, Vorsitzender des Vereins, blickte in seiner Ansprache auf die Anf\u00e4nge des Bunker-Clubs zur\u00fcck und freute sich sehr, dass auch die Gr\u00fcndungsmitglieder an dieser sch\u00f6nen Feier teilnahmen. Der B\u00fcrgerverein Ohmstede \u00fcberbrachte die herzlichsten Gl\u00fcckw\u00fcnsche im Namen der Ohmsteder Ortsvereine und \u00fcbergab ein gemeinsames Geschenk. Anschlie\u00dfend wurde der runde Geburtstag mit vielen G\u00e4sten bis in die fr\u00fchen Morgenstunden geb\u00fchrend gefeiert.<\/p>\n\n\n\n<figure class=\"wp-block-image size-full is-resized\"><a href=\"https:\/\/buergerverein-ohmstede.de\/wp-content\/uploads\/2025\/08\/bunkerclub.jpeg\"><img loading=\"lazy\" decoding=\"async\" width=\"290\" height=\"192\" src=\"https:\/\/buergerverein-ohmstede.de\/wp-content\/uploads\/2025\/08\/bunkerclub.jpeg\" alt=\"\" class=\"wp-image-2587\" style=\"width:840px;height:auto\"\/><\/a><\/figure>\n\n\n\n<p><br>Rolf Eilers, Tim Diederichs<\/p>\n","protected":false},"excerpt":{"rendered":"<p>Am 02. Und am 03.August wurde das traditionelle Dorffest in Bornhorst gefeiert. In diesem Jahr stand das Fest unter einem ganz besonderen Motto, der Bunker-Club-Bornhorst feierte seinen 50.Geburtstag. Tim Diederichs, Vorsitzender des Vereins, blickte in seiner Ansprache auf die Anf\u00e4nge des Bunker-Clubs zur\u00fcck und freute sich sehr, dass auch die Gr\u00fcndungsmitglieder an dieser sch\u00f6nen Feier [&hellip;]<\/p>\n","protected":false},"author":3,"featured_media":0,"comment_status":"closed","ping_status":"closed","sticky":false,"template":"","format":"standard","meta":{"footnotes":""},"categories":[1],"tags":[],"class_list":["post-2601","post","type-post","status-publish","format-standard","hentry","category-uncategorized"],"_links":{"self":[{"href":"https:\/\/buergerverein-ohmstede.de\/index.php?rest_route=\/wp\/v2\/posts\/2601","targetHints":{"allow":["GET"]}}],"collection":[{"href":"https:\/\/buergerverein-ohmstede.de\/index.php?rest_route=\/wp\/v2\/posts"}],"about":[{"href":"https:\/\/buergerverein-ohmstede.de\/index.php?rest_route=\/wp\/v2\/types\/post"}],"author":[{"embeddable":true,"href":"https:\/\/buergerverein-ohmstede.de\/index.php?rest_route=\/wp\/v2\/users\/3"}],"replies":[{"embeddable":true,"href":"https:\/\/buergerverein-ohmstede.de\/index.php?rest_route=%2Fwp%2Fv2%2Fcomments&post=2601"}],"version-history":[{"count":1,"href":"https:\/\/buergerverein-ohmstede.de\/index.php?rest_route=\/wp\/v2\/posts\/2601\/revisions"}],"predecessor-version":[{"id":2602,"href":"https:\/\/buergerverein-ohmstede.de\/index.php?rest_route=\/wp\/v2\/posts\/2601\/revisions\/2602"}],"wp:attachment":[{"href":"https:\/\/buergerverein-ohmstede.de\/index.php?rest_route=%2Fwp%2Fv2%2Fmedia&parent=2601"}],"wp:term":[{"taxonomy":"category","embeddable":true,"href":"https:\/\/buergerverein-ohmstede.de\/index.php?rest_route=%2Fwp%2Fv2%2Fcategories&post=2601"},{"taxonomy":"post_tag","embeddable":true,"href":"https:\/\/buergerverein-ohmstede.de\/index.php?rest_route=%2Fwp%2Fv2%2Ftags&post=2601"}],"curies":[{"name":"wp","href":"https:\/\/api.w.org\/{rel}","templated":true}]}}