{"id":2595,"date":"2025-09-01T06:41:57","date_gmt":"2025-09-01T04:41:57","guid":{"rendered":"https:\/\/buergerverein-ohmstede.de\/?p=2595"},"modified":"2025-08-22T10:42:29","modified_gmt":"2025-08-22T08:42:29","slug":"gespraechsrunden-mit-ratsparteien-der-stadt-oldenburg","status":"publish","type":"post","link":"https:\/\/buergerverein-ohmstede.de\/?p=2595","title":{"rendered":"Gespr\u00e4chsrunden mit Ratsparteien der Stadt Oldenburg"},"content":{"rendered":"\n<p>In Absprache mit den Ortsvereinen des Stadtteils Ohmstede hat der B\u00fcrgerverein zun\u00e4chst Gespr\u00e4chstermine mit Frau Ingrid Kruse von den Gr\u00fcnen (23. Oktober), Frau Niewerth-Baumann und Herrn Menke von der CDU (25. November) sowie Herrn Klein von der SPD (15. Januar 2026) organisiert.<br>Geplant ist eine j\u00e4hrliche Wiederholung dieser Gespr\u00e4chsrunden. Damit k\u00f6nnen eventuelle Gespr\u00e4chsergebnisse besser nachgehalten werden. Die Gespr\u00e4chsrunden finden im Kulturzentrum jeweils um 19.00 Uhr statt und werden ca. zwei Stunden dauern. In diesen Gespr\u00e4chsrunden geht es u. a. um die Themen, Schwierigkeiten und Probleme des Stadtteils sowie der ans\u00e4ssigen Vereine in der Umsetzung ihrer Vereinsaktivit\u00e4ten. Aus diesem Teilnehmerkreis werden sicherlich einige Themen entstehen, ferner k\u00f6nnten aber auch Themen wie Baumschutzsatzung oder B\u00fcrgerbeteiligung m\u00f6glich sein. Die endg\u00fcltigen Themen stehen noch nicht fest. Hierzu finden entsprechende Abstimmungstermine mit den Ortsvereinen und im B\u00fcrgerverein (Vorstand + Beirat) statt. Es werden drei bis f\u00fcnf Themenschwerpunkte den Ratsparteien zur Vorbereitung drei Wochen vorher \u00fcbermittelt. Durch diese Vorgehensweise hoffen wir auf eine bessere Qualit\u00e4t der Antworten. Zum Abschluss k\u00f6nnen \u2013 abh\u00e4ngig von der verf\u00fcgbaren Zeit \u2013 einige Publikumsfragen gestellt werden.<br>Wir hoffen auf eine rege Beteiligung aus den Ortsvereinen des Stadtteils Ohmstede. Nat\u00fcrlich sind auch G\u00e4ste und Interessierte herzlich willkommen.<\/p>\n","protected":false},"excerpt":{"rendered":"<p>In Absprache mit den Ortsvereinen des Stadtteils Ohmstede hat der B\u00fcrgerverein zun\u00e4chst Gespr\u00e4chstermine mit Frau Ingrid Kruse von den Gr\u00fcnen (23. Oktober), Frau Niewerth-Baumann und Herrn Menke von der CDU (25. November) sowie Herrn Klein von der SPD (15. Januar 2026) organisiert.Geplant ist eine j\u00e4hrliche Wiederholung dieser Gespr\u00e4chsrunden. Damit k\u00f6nnen eventuelle Gespr\u00e4chsergebnisse besser nachgehalten werden. [&hellip;]<\/p>\n","protected":false},"author":3,"featured_media":0,"comment_status":"closed","ping_status":"closed","sticky":false,"template":"","format":"standard","meta":{"footnotes":""},"categories":[1],"tags":[],"class_list":["post-2595","post","type-post","status-publish","format-standard","hentry","category-uncategorized"],"_links":{"self":[{"href":"https:\/\/buergerverein-ohmstede.de\/index.php?rest_route=\/wp\/v2\/posts\/2595","targetHints":{"allow":["GET"]}}],"collection":[{"href":"https:\/\/buergerverein-ohmstede.de\/index.php?rest_route=\/wp\/v2\/posts"}],"about":[{"href":"https:\/\/buergerverein-ohmstede.de\/index.php?rest_route=\/wp\/v2\/types\/post"}],"author":[{"embeddable":true,"href":"https:\/\/buergerverein-ohmstede.de\/index.php?rest_route=\/wp\/v2\/users\/3"}],"replies":[{"embeddable":true,"href":"https:\/\/buergerverein-ohmstede.de\/index.php?rest_route=%2Fwp%2Fv2%2Fcomments&post=2595"}],"version-history":[{"count":1,"href":"https:\/\/buergerverein-ohmstede.de\/index.php?rest_route=\/wp\/v2\/posts\/2595\/revisions"}],"predecessor-version":[{"id":2596,"href":"https:\/\/buergerverein-ohmstede.de\/index.php?rest_route=\/wp\/v2\/posts\/2595\/revisions\/2596"}],"wp:attachment":[{"href":"https:\/\/buergerverein-ohmstede.de\/index.php?rest_route=%2Fwp%2Fv2%2Fmedia&parent=2595"}],"wp:term":[{"taxonomy":"category","embeddable":true,"href":"https:\/\/buergerverein-ohmstede.de\/index.php?rest_route=%2Fwp%2Fv2%2Fcategories&post=2595"},{"taxonomy":"post_tag","embeddable":true,"href":"https:\/\/buergerverein-ohmstede.de\/index.php?rest_route=%2Fwp%2Fv2%2Ftags&post=2595"}],"curies":[{"name":"wp","href":"https:\/\/api.w.org\/{rel}","templated":true}]}}