{"id":2403,"date":"2025-04-01T06:41:15","date_gmt":"2025-04-01T04:41:15","guid":{"rendered":"https:\/\/buergerverein-ohmstede.de\/?p=2403"},"modified":"2025-03-24T14:42:23","modified_gmt":"2025-03-24T13:42:23","slug":"oldenburg-raeumt-auf-4","status":"publish","type":"post","link":"https:\/\/buergerverein-ohmstede.de\/?p=2403","title":{"rendered":"Oldenburg r\u00e4umt auf"},"content":{"rendered":"\n<p>Am Samstag, den 22. M\u00e4rz hie\u00df es wieder \u201eOldenburg r\u00e4umt auf!\u201c und es ist v\u00f6llig klar, dass auch Ohmstede bei dieser durchweg guten Aktion dabei war. Treffpunkt war wieder bei der Freiwilligen Feuerwehr, von da aus ging es mit Handschuhen und Sicherheitswesten ausgestattet in den Stadtteil. Unsere Teilnehmerschaft war kleiner als in den vergangenen Jahren, aber fast allesamt erfahrene Teilnehmer, die wissen, wohin sie ausstr\u00f6men m\u00fcssen. Schon nach zwei Stunden war so ein stattlicher Haufen M\u00fcll zusammen gekommen, was die Sammelnden freute, gleichzeitig aber auch &#8211; wie alle Jahre \u2013 die Frage aufwirft, warum dieser M\u00fcllberg \u00fcberhaupt zustande kommt \u2026 Der B\u00fcrgerverein bedankte sich zum Abschluss bei allen Teilnehmenden mit einer kleinen Abschlussrunde bei Brot und Bockwurst. Ein grosser Dank mit einem Abschlussbild an alle, die dabei waren und ein grosser Dank an die Freiwillige Feuerwehr, daf\u00fcr das wir euren Platz und eure K\u00fcche nutzen durften.<\/p>\n\n\n\n<figure class=\"wp-block-image size-large\"><a href=\"https:\/\/buergerverein-ohmstede.de\/wp-content\/uploads\/2025\/03\/Ol-raeumt-auf-25-3-scaled.jpg\"><img loading=\"lazy\" decoding=\"async\" width=\"1024\" height=\"768\" src=\"https:\/\/buergerverein-ohmstede.de\/wp-content\/uploads\/2025\/03\/Ol-raeumt-auf-25-3-1024x768.jpg\" alt=\"\" class=\"wp-image-2395\" srcset=\"https:\/\/buergerverein-ohmstede.de\/wp-content\/uploads\/2025\/03\/Ol-raeumt-auf-25-3-1024x768.jpg 1024w, https:\/\/buergerverein-ohmstede.de\/wp-content\/uploads\/2025\/03\/Ol-raeumt-auf-25-3-300x225.jpg 300w, https:\/\/buergerverein-ohmstede.de\/wp-content\/uploads\/2025\/03\/Ol-raeumt-auf-25-3-768x576.jpg 768w, https:\/\/buergerverein-ohmstede.de\/wp-content\/uploads\/2025\/03\/Ol-raeumt-auf-25-3-1536x1152.jpg 1536w, https:\/\/buergerverein-ohmstede.de\/wp-content\/uploads\/2025\/03\/Ol-raeumt-auf-25-3-2048x1536.jpg 2048w\" sizes=\"auto, (max-width: 1024px) 100vw, 1024px\" \/><\/a><\/figure>\n\n\n\n<figure class=\"wp-block-image size-large\"><a href=\"https:\/\/buergerverein-ohmstede.de\/wp-content\/uploads\/2025\/03\/OL-raeumt-auf-25-2-scaled.jpg\"><img loading=\"lazy\" decoding=\"async\" width=\"1024\" height=\"768\" src=\"https:\/\/buergerverein-ohmstede.de\/wp-content\/uploads\/2025\/03\/OL-raeumt-auf-25-2-1024x768.jpg\" alt=\"\" class=\"wp-image-2394\" srcset=\"https:\/\/buergerverein-ohmstede.de\/wp-content\/uploads\/2025\/03\/OL-raeumt-auf-25-2-1024x768.jpg 1024w, https:\/\/buergerverein-ohmstede.de\/wp-content\/uploads\/2025\/03\/OL-raeumt-auf-25-2-300x225.jpg 300w, https:\/\/buergerverein-ohmstede.de\/wp-content\/uploads\/2025\/03\/OL-raeumt-auf-25-2-768x576.jpg 768w, https:\/\/buergerverein-ohmstede.de\/wp-content\/uploads\/2025\/03\/OL-raeumt-auf-25-2-1536x1152.jpg 1536w, https:\/\/buergerverein-ohmstede.de\/wp-content\/uploads\/2025\/03\/OL-raeumt-auf-25-2-2048x1536.jpg 2048w\" sizes=\"auto, (max-width: 1024px) 100vw, 1024px\" \/><\/a><\/figure>\n\n\n\n<figure class=\"wp-block-image size-large\"><a href=\"https:\/\/buergerverein-ohmstede.de\/wp-content\/uploads\/2025\/03\/OL-raeumt-auf-25-1-scaled.jpg\"><img loading=\"lazy\" decoding=\"async\" width=\"1024\" height=\"768\" src=\"https:\/\/buergerverein-ohmstede.de\/wp-content\/uploads\/2025\/03\/OL-raeumt-auf-25-1-1024x768.jpg\" alt=\"\" class=\"wp-image-2393\" srcset=\"https:\/\/buergerverein-ohmstede.de\/wp-content\/uploads\/2025\/03\/OL-raeumt-auf-25-1-1024x768.jpg 1024w, https:\/\/buergerverein-ohmstede.de\/wp-content\/uploads\/2025\/03\/OL-raeumt-auf-25-1-300x225.jpg 300w, https:\/\/buergerverein-ohmstede.de\/wp-content\/uploads\/2025\/03\/OL-raeumt-auf-25-1-768x576.jpg 768w, https:\/\/buergerverein-ohmstede.de\/wp-content\/uploads\/2025\/03\/OL-raeumt-auf-25-1-1536x1152.jpg 1536w, https:\/\/buergerverein-ohmstede.de\/wp-content\/uploads\/2025\/03\/OL-raeumt-auf-25-1-2048x1536.jpg 2048w\" sizes=\"auto, (max-width: 1024px) 100vw, 1024px\" \/><\/a><\/figure>\n\n\n\n<p>Kleiner, aber nicht weniger motiviert als in den vergangenen Jahren \u2013 Ohmstede r\u00e4umt auf 2025!<\/p>\n\n\n\n<p><\/p>\n","protected":false},"excerpt":{"rendered":"<p>Am Samstag, den 22. M\u00e4rz hie\u00df es wieder \u201eOldenburg r\u00e4umt auf!\u201c und es ist v\u00f6llig klar, dass auch Ohmstede bei dieser durchweg guten Aktion dabei war. Treffpunkt war wieder bei der Freiwilligen Feuerwehr, von da aus ging es mit Handschuhen und Sicherheitswesten ausgestattet in den Stadtteil. Unsere Teilnehmerschaft war kleiner als in den vergangenen Jahren, [&hellip;]<\/p>\n","protected":false},"author":3,"featured_media":0,"comment_status":"closed","ping_status":"closed","sticky":false,"template":"","format":"standard","meta":{"footnotes":""},"categories":[1],"tags":[],"class_list":["post-2403","post","type-post","status-publish","format-standard","hentry","category-uncategorized"],"_links":{"self":[{"href":"https:\/\/buergerverein-ohmstede.de\/index.php?rest_route=\/wp\/v2\/posts\/2403","targetHints":{"allow":["GET"]}}],"collection":[{"href":"https:\/\/buergerverein-ohmstede.de\/index.php?rest_route=\/wp\/v2\/posts"}],"about":[{"href":"https:\/\/buergerverein-ohmstede.de\/index.php?rest_route=\/wp\/v2\/types\/post"}],"author":[{"embeddable":true,"href":"https:\/\/buergerverein-ohmstede.de\/index.php?rest_route=\/wp\/v2\/users\/3"}],"replies":[{"embeddable":true,"href":"https:\/\/buergerverein-ohmstede.de\/index.php?rest_route=%2Fwp%2Fv2%2Fcomments&post=2403"}],"version-history":[{"count":1,"href":"https:\/\/buergerverein-ohmstede.de\/index.php?rest_route=\/wp\/v2\/posts\/2403\/revisions"}],"predecessor-version":[{"id":2404,"href":"https:\/\/buergerverein-ohmstede.de\/index.php?rest_route=\/wp\/v2\/posts\/2403\/revisions\/2404"}],"wp:attachment":[{"href":"https:\/\/buergerverein-ohmstede.de\/index.php?rest_route=%2Fwp%2Fv2%2Fmedia&parent=2403"}],"wp:term":[{"taxonomy":"category","embeddable":true,"href":"https:\/\/buergerverein-ohmstede.de\/index.php?rest_route=%2Fwp%2Fv2%2Fcategories&post=2403"},{"taxonomy":"post_tag","embeddable":true,"href":"https:\/\/buergerverein-ohmstede.de\/index.php?rest_route=%2Fwp%2Fv2%2Ftags&post=2403"}],"curies":[{"name":"wp","href":"https:\/\/api.w.org\/{rel}","templated":true}]}}