{"id":2333,"date":"2025-01-01T08:35:23","date_gmt":"2025-01-01T07:35:23","guid":{"rendered":"https:\/\/buergerverein-ohmstede.de\/?p=2333"},"modified":"2024-12-30T12:36:32","modified_gmt":"2024-12-30T11:36:32","slug":"buergerverein-ohmstede-zieht-bilanz","status":"publish","type":"post","link":"https:\/\/buergerverein-ohmstede.de\/?p=2333","title":{"rendered":"B\u00fcrgerverein Ohmstede zieht Bilanz"},"content":{"rendered":"\n<p>Der Jahreswechsel ist die Zeit, in der es hei\u00dft, innezuhalten und eine Bilanz mit Blick auf das vergangene Jahr zu ziehen. Auch wir vom B\u00fcrgerverein Ohmstede tun dies, und zwar mit durchaus positiven   Gedanken. Hier ist nicht der Platz, all das aufzuz\u00e4hlen, was durch den Verein oder mit ihm stattgefunden hat. Wir wollen aber die Gelegenheit nutzen, uns bei denen zu bedanken, die sich aktiv in das Vereinsleben eingebracht und mit Ideen und Taten den B\u00fcrgerverein unterst\u00fctzt haben. <\/p>\n\n\n\n<p><br>Auch f\u00fcr das Jahr 2025 haben wir uns vorgenommen, mit vielf\u00e4ltigen Aktivit\u00e4ten unsere Mitglieder und Freunde anzusprechen. Der Verein wird sich weiterhin, wie auch schon in der Vergangenheit, in der Arbeitsgemeinschaft der Oldenburger B\u00fcrgervereine aktiv einbringen, um die Belange Ohmstedes innerhalb der Stadt Oldenburg sichtbar zu vertreten.<\/p>\n\n\n\n<p><br>Wir w\u00fcnschen allen, die diese Zeilen lesen, ein gutes Neues Jahr.<br>(bohmst)<\/p>\n","protected":false},"excerpt":{"rendered":"<p>Der Jahreswechsel ist die Zeit, in der es hei\u00dft, innezuhalten und eine Bilanz mit Blick auf das vergangene Jahr zu ziehen. Auch wir vom B\u00fcrgerverein Ohmstede tun dies, und zwar mit durchaus positiven Gedanken. Hier ist nicht der Platz, all das aufzuz\u00e4hlen, was durch den Verein oder mit ihm stattgefunden hat. Wir wollen aber die [&hellip;]<\/p>\n","protected":false},"author":3,"featured_media":0,"comment_status":"closed","ping_status":"closed","sticky":false,"template":"","format":"standard","meta":{"footnotes":""},"categories":[1],"tags":[],"class_list":["post-2333","post","type-post","status-publish","format-standard","hentry","category-uncategorized"],"_links":{"self":[{"href":"https:\/\/buergerverein-ohmstede.de\/index.php?rest_route=\/wp\/v2\/posts\/2333","targetHints":{"allow":["GET"]}}],"collection":[{"href":"https:\/\/buergerverein-ohmstede.de\/index.php?rest_route=\/wp\/v2\/posts"}],"about":[{"href":"https:\/\/buergerverein-ohmstede.de\/index.php?rest_route=\/wp\/v2\/types\/post"}],"author":[{"embeddable":true,"href":"https:\/\/buergerverein-ohmstede.de\/index.php?rest_route=\/wp\/v2\/users\/3"}],"replies":[{"embeddable":true,"href":"https:\/\/buergerverein-ohmstede.de\/index.php?rest_route=%2Fwp%2Fv2%2Fcomments&post=2333"}],"version-history":[{"count":1,"href":"https:\/\/buergerverein-ohmstede.de\/index.php?rest_route=\/wp\/v2\/posts\/2333\/revisions"}],"predecessor-version":[{"id":2334,"href":"https:\/\/buergerverein-ohmstede.de\/index.php?rest_route=\/wp\/v2\/posts\/2333\/revisions\/2334"}],"wp:attachment":[{"href":"https:\/\/buergerverein-ohmstede.de\/index.php?rest_route=%2Fwp%2Fv2%2Fmedia&parent=2333"}],"wp:term":[{"taxonomy":"category","embeddable":true,"href":"https:\/\/buergerverein-ohmstede.de\/index.php?rest_route=%2Fwp%2Fv2%2Fcategories&post=2333"},{"taxonomy":"post_tag","embeddable":true,"href":"https:\/\/buergerverein-ohmstede.de\/index.php?rest_route=%2Fwp%2Fv2%2Ftags&post=2333"}],"curies":[{"name":"wp","href":"https:\/\/api.w.org\/{rel}","templated":true}]}}