{"id":2329,"date":"2024-12-01T08:05:01","date_gmt":"2024-12-01T07:05:01","guid":{"rendered":"https:\/\/buergerverein-ohmstede.de\/?p=2329"},"modified":"2024-11-21T19:23:26","modified_gmt":"2024-11-21T18:23:26","slug":"ein-festlich-gedeckter-tisch","status":"publish","type":"post","link":"https:\/\/buergerverein-ohmstede.de\/?p=2329","title":{"rendered":"Ein festlich gedeckter Tisch"},"content":{"rendered":"\n<p>Zur stimmungsvollen \u201eTeetied\u201c empfingen Gabriele Ammermann und Hanna Oeyen 18 G\u00e4ste am 26. Oktober in Waterende. Ein festlich gedeckter Tisch lud die Beteiligten ein und lie\u00df ihre Erwartungen steigen. Nein, sie wurden nicht entt\u00e4uscht. Der Ostfriesische Tee hat ausgezeichnet geschmeckt und die liebevoll zubereiteten Leckereien waren ebenfalls sehr schmackhaft. Einige G\u00e4ste waren auch gleich kreativ, griffen zu Stift und Pinsel und bemalten die zur Verf\u00fcgung gestellten Vorlagen sehr fantasievoll. Auch die Vortr\u00e4ge der beiden Veranstalterinnen wurden mit gro\u00dfem Interesse aufgenommen. F\u00fcr alle Beteiligten war es ein gelungener Nachmittag, den viele im n\u00e4chsten Jahr wiederholen m\u00f6chten. (bohmst)<\/p>\n\n\n\n<figure class=\"wp-block-image size-full\"><a href=\"https:\/\/buergerverein-ohmstede.de\/wp-content\/uploads\/2024\/11\/teetied-2024.jpeg\"><img loading=\"lazy\" decoding=\"async\" width=\"781\" height=\"674\" src=\"https:\/\/buergerverein-ohmstede.de\/wp-content\/uploads\/2024\/11\/teetied-2024.jpeg\" alt=\"\" class=\"wp-image-2311\" srcset=\"https:\/\/buergerverein-ohmstede.de\/wp-content\/uploads\/2024\/11\/teetied-2024.jpeg 781w, https:\/\/buergerverein-ohmstede.de\/wp-content\/uploads\/2024\/11\/teetied-2024-300x259.jpeg 300w, https:\/\/buergerverein-ohmstede.de\/wp-content\/uploads\/2024\/11\/teetied-2024-768x663.jpeg 768w\" sizes=\"auto, (max-width: 781px) 100vw, 781px\" \/><\/a><\/figure>\n\n\n\n<p>Gut gelaunt und ebenso gut vorbereitet zeigten sich die beiden Organisatorinnen der \u201eTeetied\u201c<\/p>\n","protected":false},"excerpt":{"rendered":"<p>Zur stimmungsvollen \u201eTeetied\u201c empfingen Gabriele Ammermann und Hanna Oeyen 18 G\u00e4ste am 26. Oktober in Waterende. Ein festlich gedeckter Tisch lud die Beteiligten ein und lie\u00df ihre Erwartungen steigen. Nein, sie wurden nicht entt\u00e4uscht. Der Ostfriesische Tee hat ausgezeichnet geschmeckt und die liebevoll zubereiteten Leckereien waren ebenfalls sehr schmackhaft. Einige G\u00e4ste waren auch gleich kreativ, [&hellip;]<\/p>\n","protected":false},"author":3,"featured_media":0,"comment_status":"closed","ping_status":"closed","sticky":false,"template":"","format":"standard","meta":{"footnotes":""},"categories":[1],"tags":[],"class_list":["post-2329","post","type-post","status-publish","format-standard","hentry","category-uncategorized"],"_links":{"self":[{"href":"https:\/\/buergerverein-ohmstede.de\/index.php?rest_route=\/wp\/v2\/posts\/2329","targetHints":{"allow":["GET"]}}],"collection":[{"href":"https:\/\/buergerverein-ohmstede.de\/index.php?rest_route=\/wp\/v2\/posts"}],"about":[{"href":"https:\/\/buergerverein-ohmstede.de\/index.php?rest_route=\/wp\/v2\/types\/post"}],"author":[{"embeddable":true,"href":"https:\/\/buergerverein-ohmstede.de\/index.php?rest_route=\/wp\/v2\/users\/3"}],"replies":[{"embeddable":true,"href":"https:\/\/buergerverein-ohmstede.de\/index.php?rest_route=%2Fwp%2Fv2%2Fcomments&post=2329"}],"version-history":[{"count":1,"href":"https:\/\/buergerverein-ohmstede.de\/index.php?rest_route=\/wp\/v2\/posts\/2329\/revisions"}],"predecessor-version":[{"id":2330,"href":"https:\/\/buergerverein-ohmstede.de\/index.php?rest_route=\/wp\/v2\/posts\/2329\/revisions\/2330"}],"wp:attachment":[{"href":"https:\/\/buergerverein-ohmstede.de\/index.php?rest_route=%2Fwp%2Fv2%2Fmedia&parent=2329"}],"wp:term":[{"taxonomy":"category","embeddable":true,"href":"https:\/\/buergerverein-ohmstede.de\/index.php?rest_route=%2Fwp%2Fv2%2Fcategories&post=2329"},{"taxonomy":"post_tag","embeddable":true,"href":"https:\/\/buergerverein-ohmstede.de\/index.php?rest_route=%2Fwp%2Fv2%2Ftags&post=2329"}],"curies":[{"name":"wp","href":"https:\/\/api.w.org\/{rel}","templated":true}]}}