{"id":2321,"date":"2024-12-01T08:15:35","date_gmt":"2024-12-01T07:15:35","guid":{"rendered":"https:\/\/buergerverein-ohmstede.de\/?p=2321"},"modified":"2024-11-21T19:15:05","modified_gmt":"2024-11-21T18:15:05","slug":"laternelauf-2024","status":"publish","type":"post","link":"https:\/\/buergerverein-ohmstede.de\/?p=2321","title":{"rendered":"Laternelauf 2024"},"content":{"rendered":"\n<p>Auch in diesem Jahr taten sich unser B\u00fcrgerverein, die Kirchengemeinde Ohmstede und das Kulturzentrum Rennplatz zusammen und luden Gro\u00df und Klein am 8.11. zu einem gemeinsamen Laternelaufen. Der begann wie gehabt mit einem Gottesdienst und startete danach auch direkt bei der Kirche, begleitet von Akkordeonmusik und mit tatkr\u00e4ftiger Unterst\u00fctzung der Freiwilligen Feuerwehr, die den Zug der vielen Lichter und Laternen sicherheitstechnisch begleitete. Beim Kulturzentrum an der Kurlandallee endete der Lauf in diesem Jahr und alle Teilnehmenden konnten sich hier noch mit Bratwurst, Brezel, Cr\u00eapes oder Kinderpunsch st\u00e4rken. Unser Dank an alle gro\u00dfen und kleinen G\u00e4ste, alle tatkr\u00e4ftigen Helfer und Helferinnen und nicht zuletzt an Petrus, der seinen Regen dieses Jahr erst nach dem Abbauen und Aufr\u00e4umen los lies. (bohmst)<\/p>\n\n\n\n<figure class=\"wp-block-image size-large\"><a href=\"https:\/\/buergerverein-ohmstede.de\/wp-content\/uploads\/2024\/11\/laternenlauf-2024.jpeg\"><img loading=\"lazy\" decoding=\"async\" width=\"1024\" height=\"436\" src=\"https:\/\/buergerverein-ohmstede.de\/wp-content\/uploads\/2024\/11\/laternenlauf-2024-1024x436.jpeg\" alt=\"\" class=\"wp-image-2319\" srcset=\"https:\/\/buergerverein-ohmstede.de\/wp-content\/uploads\/2024\/11\/laternenlauf-2024-1024x436.jpeg 1024w, https:\/\/buergerverein-ohmstede.de\/wp-content\/uploads\/2024\/11\/laternenlauf-2024-300x128.jpeg 300w, https:\/\/buergerverein-ohmstede.de\/wp-content\/uploads\/2024\/11\/laternenlauf-2024-768x327.jpeg 768w, https:\/\/buergerverein-ohmstede.de\/wp-content\/uploads\/2024\/11\/laternenlauf-2024.jpeg 1536w\" sizes=\"auto, (max-width: 1024px) 100vw, 1024px\" \/><\/a><\/figure>\n\n\n\n<p>Mit ca. 100 Teilnehmenden startete der Laternelauf an der Ohmsteder Kirche.<\/p>\n","protected":false},"excerpt":{"rendered":"<p>Auch in diesem Jahr taten sich unser B\u00fcrgerverein, die Kirchengemeinde Ohmstede und das Kulturzentrum Rennplatz zusammen und luden Gro\u00df und Klein am 8.11. zu einem gemeinsamen Laternelaufen. Der begann wie gehabt mit einem Gottesdienst und startete danach auch direkt bei der Kirche, begleitet von Akkordeonmusik und mit tatkr\u00e4ftiger Unterst\u00fctzung der Freiwilligen Feuerwehr, die den Zug [&hellip;]<\/p>\n","protected":false},"author":3,"featured_media":0,"comment_status":"closed","ping_status":"closed","sticky":false,"template":"","format":"standard","meta":{"footnotes":""},"categories":[1],"tags":[],"class_list":["post-2321","post","type-post","status-publish","format-standard","hentry","category-uncategorized"],"_links":{"self":[{"href":"https:\/\/buergerverein-ohmstede.de\/index.php?rest_route=\/wp\/v2\/posts\/2321","targetHints":{"allow":["GET"]}}],"collection":[{"href":"https:\/\/buergerverein-ohmstede.de\/index.php?rest_route=\/wp\/v2\/posts"}],"about":[{"href":"https:\/\/buergerverein-ohmstede.de\/index.php?rest_route=\/wp\/v2\/types\/post"}],"author":[{"embeddable":true,"href":"https:\/\/buergerverein-ohmstede.de\/index.php?rest_route=\/wp\/v2\/users\/3"}],"replies":[{"embeddable":true,"href":"https:\/\/buergerverein-ohmstede.de\/index.php?rest_route=%2Fwp%2Fv2%2Fcomments&post=2321"}],"version-history":[{"count":1,"href":"https:\/\/buergerverein-ohmstede.de\/index.php?rest_route=\/wp\/v2\/posts\/2321\/revisions"}],"predecessor-version":[{"id":2322,"href":"https:\/\/buergerverein-ohmstede.de\/index.php?rest_route=\/wp\/v2\/posts\/2321\/revisions\/2322"}],"wp:attachment":[{"href":"https:\/\/buergerverein-ohmstede.de\/index.php?rest_route=%2Fwp%2Fv2%2Fmedia&parent=2321"}],"wp:term":[{"taxonomy":"category","embeddable":true,"href":"https:\/\/buergerverein-ohmstede.de\/index.php?rest_route=%2Fwp%2Fv2%2Fcategories&post=2321"},{"taxonomy":"post_tag","embeddable":true,"href":"https:\/\/buergerverein-ohmstede.de\/index.php?rest_route=%2Fwp%2Fv2%2Ftags&post=2321"}],"curies":[{"name":"wp","href":"https:\/\/api.w.org\/{rel}","templated":true}]}}