{"id":2281,"date":"2024-11-01T08:09:09","date_gmt":"2024-11-01T07:09:09","guid":{"rendered":"https:\/\/buergerverein-ohmstede.de\/?p=2281"},"modified":"2024-10-24T17:24:01","modified_gmt":"2024-10-24T15:24:01","slug":"der-buergerverein-im-november","status":"publish","type":"post","link":"https:\/\/buergerverein-ohmstede.de\/?p=2281","title":{"rendered":"Der B\u00fcrgerverein im November"},"content":{"rendered":"\n<p>Wenn dieser Artikel erscheint, wird der Tag des Baumes, den die Stadt Oldenburg in diesem Jahr mit tatkr\u00e4ftiger Unterst\u00fctzung des B\u00fcrgervereins in Ohmstede am Spielplatz Hullmannstra\u00dfe veranstaltet hat, schon gewesen sein, aber weitere Aktionen stehen noch an: da w\u00e4ren zum einen das Laternelaufen am Freitag, den 8.11., der um 17 Uhr mit einem Gottesdienst in der Ohmsteder Kirche beginnt, von wo aus wir in Begleitung der Freiwilligen Feuerwehr auch loslaufen, und der beim Kulturzentrum Rennplatz endet, wo es f\u00fcr alle gro\u00dfen und kleinen Teilnehmer auch noch eine kleine St\u00e4rkung geben wird. Wir freuen uns auf eine rege Teilnahme und betonen noch einmal ausdr\u00fccklich, dass der Laternelauf f\u00fcr Kinder aller religi\u00f6sen Bekenntnisse offen steht.<\/p>\n\n\n\n<figure class=\"wp-block-image size-full is-resized\"><a href=\"https:\/\/buergerverein-ohmstede.de\/wp-content\/uploads\/2024\/10\/nov.-24-laternelauf-plakat-3.jpeg\"><img loading=\"lazy\" decoding=\"async\" width=\"290\" height=\"192\" src=\"https:\/\/buergerverein-ohmstede.de\/wp-content\/uploads\/2024\/10\/nov.-24-laternelauf-plakat-3.jpeg\" alt=\"\" class=\"wp-image-2282\" style=\"width:453px;height:auto\"\/><\/a><\/figure>\n\n\n\n<p>Und auf eine weitere Veranstaltung m\u00f6chten wir gern noch hinweisen: am 17.11., dem Volkstrauertag, treffen sich B\u00fcrger, B\u00fcrgerinnen und Vertreter der Ohmsteder Ortsvereine um 10 Uhr beim gemeinsamen Gottesdienst zum Gedenken der Toten zweier Weltkriege, den Opfern von Flucht, Vertreibung und von aktuell zwei Kriegsgeschehen in der Ukraine und im Nahen Osten in der Ohmsteder Kirche. Im Anschluss folgt die Kranzniederlegung an den Ehrenmalen Butjadinger Stra\u00dfe und auf dem Friedhof. (bohmst)<\/p>\n","protected":false},"excerpt":{"rendered":"<p>Wenn dieser Artikel erscheint, wird der Tag des Baumes, den die Stadt Oldenburg in diesem Jahr mit tatkr\u00e4ftiger Unterst\u00fctzung des B\u00fcrgervereins in Ohmstede am Spielplatz Hullmannstra\u00dfe veranstaltet hat, schon gewesen sein, aber weitere Aktionen stehen noch an: da w\u00e4ren zum einen das Laternelaufen am Freitag, den 8.11., der um 17 Uhr mit einem Gottesdienst in [&hellip;]<\/p>\n","protected":false},"author":3,"featured_media":0,"comment_status":"closed","ping_status":"closed","sticky":false,"template":"","format":"standard","meta":{"footnotes":""},"categories":[1],"tags":[],"class_list":["post-2281","post","type-post","status-publish","format-standard","hentry","category-uncategorized"],"_links":{"self":[{"href":"https:\/\/buergerverein-ohmstede.de\/index.php?rest_route=\/wp\/v2\/posts\/2281","targetHints":{"allow":["GET"]}}],"collection":[{"href":"https:\/\/buergerverein-ohmstede.de\/index.php?rest_route=\/wp\/v2\/posts"}],"about":[{"href":"https:\/\/buergerverein-ohmstede.de\/index.php?rest_route=\/wp\/v2\/types\/post"}],"author":[{"embeddable":true,"href":"https:\/\/buergerverein-ohmstede.de\/index.php?rest_route=\/wp\/v2\/users\/3"}],"replies":[{"embeddable":true,"href":"https:\/\/buergerverein-ohmstede.de\/index.php?rest_route=%2Fwp%2Fv2%2Fcomments&post=2281"}],"version-history":[{"count":1,"href":"https:\/\/buergerverein-ohmstede.de\/index.php?rest_route=\/wp\/v2\/posts\/2281\/revisions"}],"predecessor-version":[{"id":2283,"href":"https:\/\/buergerverein-ohmstede.de\/index.php?rest_route=\/wp\/v2\/posts\/2281\/revisions\/2283"}],"wp:attachment":[{"href":"https:\/\/buergerverein-ohmstede.de\/index.php?rest_route=%2Fwp%2Fv2%2Fmedia&parent=2281"}],"wp:term":[{"taxonomy":"category","embeddable":true,"href":"https:\/\/buergerverein-ohmstede.de\/index.php?rest_route=%2Fwp%2Fv2%2Fcategories&post=2281"},{"taxonomy":"post_tag","embeddable":true,"href":"https:\/\/buergerverein-ohmstede.de\/index.php?rest_route=%2Fwp%2Fv2%2Ftags&post=2281"}],"curies":[{"name":"wp","href":"https:\/\/api.w.org\/{rel}","templated":true}]}}