{"id":2279,"date":"2024-11-01T08:20:51","date_gmt":"2024-11-01T07:20:51","guid":{"rendered":"https:\/\/buergerverein-ohmstede.de\/?p=2279"},"modified":"2024-10-24T17:21:12","modified_gmt":"2024-10-24T15:21:12","slug":"fotokalender-2025","status":"publish","type":"post","link":"https:\/\/buergerverein-ohmstede.de\/?p=2279","title":{"rendered":"Fotokalender 2025"},"content":{"rendered":"\n<p>F\u00fcr den B\u00fcrgerverein Ohmstede mittlerweile zur Tradition geworden, ist der seit ein paar Jahren erscheinende Fotokalender, den wir manchmal aus vorhandenem Archivmaterial, manchmal mit Hilfe und Unterst\u00fctzung von Mitgliedern oder B\u00fcrgerinnen und B\u00fcrgern aus dem Stadtteil gestalten und dann zum Selbstkostenpreis in Verkauf bringen. Die Arbeiten am Kalender 2025 sind gerade in der \u201ehei\u00dfen Phase\u201c und er sollte ab Mitte November an den bekannten Auslagestellen Blumen L\u00fcschen, Brillen Schwarz und beim M\u00fcggenkrug zum Preis von 5 Euro zu bekommen sein. (bohmst)<\/p>\n","protected":false},"excerpt":{"rendered":"<p>F\u00fcr den B\u00fcrgerverein Ohmstede mittlerweile zur Tradition geworden, ist der seit ein paar Jahren erscheinende Fotokalender, den wir manchmal aus vorhandenem Archivmaterial, manchmal mit Hilfe und Unterst\u00fctzung von Mitgliedern oder B\u00fcrgerinnen und B\u00fcrgern aus dem Stadtteil gestalten und dann zum Selbstkostenpreis in Verkauf bringen. Die Arbeiten am Kalender 2025 sind gerade in der \u201ehei\u00dfen Phase\u201c [&hellip;]<\/p>\n","protected":false},"author":3,"featured_media":0,"comment_status":"closed","ping_status":"closed","sticky":false,"template":"","format":"standard","meta":{"footnotes":""},"categories":[1],"tags":[],"class_list":["post-2279","post","type-post","status-publish","format-standard","hentry","category-uncategorized"],"_links":{"self":[{"href":"https:\/\/buergerverein-ohmstede.de\/index.php?rest_route=\/wp\/v2\/posts\/2279","targetHints":{"allow":["GET"]}}],"collection":[{"href":"https:\/\/buergerverein-ohmstede.de\/index.php?rest_route=\/wp\/v2\/posts"}],"about":[{"href":"https:\/\/buergerverein-ohmstede.de\/index.php?rest_route=\/wp\/v2\/types\/post"}],"author":[{"embeddable":true,"href":"https:\/\/buergerverein-ohmstede.de\/index.php?rest_route=\/wp\/v2\/users\/3"}],"replies":[{"embeddable":true,"href":"https:\/\/buergerverein-ohmstede.de\/index.php?rest_route=%2Fwp%2Fv2%2Fcomments&post=2279"}],"version-history":[{"count":1,"href":"https:\/\/buergerverein-ohmstede.de\/index.php?rest_route=\/wp\/v2\/posts\/2279\/revisions"}],"predecessor-version":[{"id":2280,"href":"https:\/\/buergerverein-ohmstede.de\/index.php?rest_route=\/wp\/v2\/posts\/2279\/revisions\/2280"}],"wp:attachment":[{"href":"https:\/\/buergerverein-ohmstede.de\/index.php?rest_route=%2Fwp%2Fv2%2Fmedia&parent=2279"}],"wp:term":[{"taxonomy":"category","embeddable":true,"href":"https:\/\/buergerverein-ohmstede.de\/index.php?rest_route=%2Fwp%2Fv2%2Fcategories&post=2279"},{"taxonomy":"post_tag","embeddable":true,"href":"https:\/\/buergerverein-ohmstede.de\/index.php?rest_route=%2Fwp%2Fv2%2Ftags&post=2279"}],"curies":[{"name":"wp","href":"https:\/\/api.w.org\/{rel}","templated":true}]}}