{"id":2105,"date":"2024-06-01T08:27:36","date_gmt":"2024-06-01T06:27:36","guid":{"rendered":"https:\/\/buergerverein-ohmstede.de\/?p=2105"},"modified":"2024-05-24T13:27:58","modified_gmt":"2024-05-24T11:27:58","slug":"fruehjahrs-fruehstueck","status":"publish","type":"post","link":"https:\/\/buergerverein-ohmstede.de\/?p=2105","title":{"rendered":"Fr\u00fchjahrs Fr\u00fchst\u00fcck"},"content":{"rendered":"\n<p>Am 21. April durfte der B\u00fcrgerverein Ohmstede die R\u00e4umlichkeiten der Freiwilligen Feuerwehr in Ohmstede f\u00fcr ein geselliges Fr\u00fchst\u00fcck nutzen Nach einem reichhaltigen Fr\u00fchst\u00fccks-B\u00fcffet hatten wir die M\u00f6glichkeit, die Fahrzeuge und das Inventar der Feuerwehr zu besichtigen. Vielen Dank f\u00fcr die ausf\u00fchrliche und informative F\u00fchrung. Ein ganz dickes Dankesch\u00f6n geht an die Feuerwehr, die uns bei der Ausrichtung des Fr\u00fchst\u00fccks sehr geholfen hat. F\u00fcr den Herbst wird das n\u00e4chste Fr\u00fchst\u00fcck geplant. Martina H\u00f6pe<\/p>\n","protected":false},"excerpt":{"rendered":"<p>Am 21. April durfte der B\u00fcrgerverein Ohmstede die R\u00e4umlichkeiten der Freiwilligen Feuerwehr in Ohmstede f\u00fcr ein geselliges Fr\u00fchst\u00fcck nutzen Nach einem reichhaltigen Fr\u00fchst\u00fccks-B\u00fcffet hatten wir die M\u00f6glichkeit, die Fahrzeuge und das Inventar der Feuerwehr zu besichtigen. Vielen Dank f\u00fcr die ausf\u00fchrliche und informative F\u00fchrung. Ein ganz dickes Dankesch\u00f6n geht an die Feuerwehr, die uns bei [&hellip;]<\/p>\n","protected":false},"author":3,"featured_media":0,"comment_status":"closed","ping_status":"closed","sticky":false,"template":"","format":"standard","meta":{"footnotes":""},"categories":[1],"tags":[],"class_list":["post-2105","post","type-post","status-publish","format-standard","hentry","category-uncategorized"],"_links":{"self":[{"href":"https:\/\/buergerverein-ohmstede.de\/index.php?rest_route=\/wp\/v2\/posts\/2105","targetHints":{"allow":["GET"]}}],"collection":[{"href":"https:\/\/buergerverein-ohmstede.de\/index.php?rest_route=\/wp\/v2\/posts"}],"about":[{"href":"https:\/\/buergerverein-ohmstede.de\/index.php?rest_route=\/wp\/v2\/types\/post"}],"author":[{"embeddable":true,"href":"https:\/\/buergerverein-ohmstede.de\/index.php?rest_route=\/wp\/v2\/users\/3"}],"replies":[{"embeddable":true,"href":"https:\/\/buergerverein-ohmstede.de\/index.php?rest_route=%2Fwp%2Fv2%2Fcomments&post=2105"}],"version-history":[{"count":1,"href":"https:\/\/buergerverein-ohmstede.de\/index.php?rest_route=\/wp\/v2\/posts\/2105\/revisions"}],"predecessor-version":[{"id":2106,"href":"https:\/\/buergerverein-ohmstede.de\/index.php?rest_route=\/wp\/v2\/posts\/2105\/revisions\/2106"}],"wp:attachment":[{"href":"https:\/\/buergerverein-ohmstede.de\/index.php?rest_route=%2Fwp%2Fv2%2Fmedia&parent=2105"}],"wp:term":[{"taxonomy":"category","embeddable":true,"href":"https:\/\/buergerverein-ohmstede.de\/index.php?rest_route=%2Fwp%2Fv2%2Fcategories&post=2105"},{"taxonomy":"post_tag","embeddable":true,"href":"https:\/\/buergerverein-ohmstede.de\/index.php?rest_route=%2Fwp%2Fv2%2Ftags&post=2105"}],"curies":[{"name":"wp","href":"https:\/\/api.w.org\/{rel}","templated":true}]}}