{"id":2103,"date":"2024-06-01T08:26:10","date_gmt":"2024-06-01T06:26:10","guid":{"rendered":"https:\/\/buergerverein-ohmstede.de\/?p=2103"},"modified":"2024-05-24T13:26:49","modified_gmt":"2024-05-24T11:26:49","slug":"peter-rasch-verstorben","status":"publish","type":"post","link":"https:\/\/buergerverein-ohmstede.de\/?p=2103","title":{"rendered":"Peter Rasch verstorben"},"content":{"rendered":"\n<p>Anfang Mai erreichte uns die traurige Nachricht, dass Peter Rasch aus Gro\u00df Bornhorst im 84. Lebensjahr verstorben ist. Peter war dem B\u00fcrgerverein Ohmstede sehr verbunden. Von 2006 bis 2009 war er unser 2. Vorsitzender, gerade zu der Zeit, da unser Ortsteil sein gro\u00dfes Stadtjubil\u00e4um feierte, eine bedeutsame Herausforderung auch f\u00fcr den B\u00fcrgerverein. Unvergesslich auch seine fotografischen Streifz\u00fcge durch Ohmstede und umzu, an denen er etliche teilhaben lie\u00df. Wir werden ihn in guter Erinnerung behalten.<br>(bohmst)<\/p>\n","protected":false},"excerpt":{"rendered":"<p>Anfang Mai erreichte uns die traurige Nachricht, dass Peter Rasch aus Gro\u00df Bornhorst im 84. Lebensjahr verstorben ist. Peter war dem B\u00fcrgerverein Ohmstede sehr verbunden. Von 2006 bis 2009 war er unser 2. Vorsitzender, gerade zu der Zeit, da unser Ortsteil sein gro\u00dfes Stadtjubil\u00e4um feierte, eine bedeutsame Herausforderung auch f\u00fcr den B\u00fcrgerverein. Unvergesslich auch seine [&hellip;]<\/p>\n","protected":false},"author":3,"featured_media":0,"comment_status":"closed","ping_status":"closed","sticky":false,"template":"","format":"standard","meta":{"footnotes":""},"categories":[1],"tags":[],"class_list":["post-2103","post","type-post","status-publish","format-standard","hentry","category-uncategorized"],"_links":{"self":[{"href":"https:\/\/buergerverein-ohmstede.de\/index.php?rest_route=\/wp\/v2\/posts\/2103","targetHints":{"allow":["GET"]}}],"collection":[{"href":"https:\/\/buergerverein-ohmstede.de\/index.php?rest_route=\/wp\/v2\/posts"}],"about":[{"href":"https:\/\/buergerverein-ohmstede.de\/index.php?rest_route=\/wp\/v2\/types\/post"}],"author":[{"embeddable":true,"href":"https:\/\/buergerverein-ohmstede.de\/index.php?rest_route=\/wp\/v2\/users\/3"}],"replies":[{"embeddable":true,"href":"https:\/\/buergerverein-ohmstede.de\/index.php?rest_route=%2Fwp%2Fv2%2Fcomments&post=2103"}],"version-history":[{"count":1,"href":"https:\/\/buergerverein-ohmstede.de\/index.php?rest_route=\/wp\/v2\/posts\/2103\/revisions"}],"predecessor-version":[{"id":2104,"href":"https:\/\/buergerverein-ohmstede.de\/index.php?rest_route=\/wp\/v2\/posts\/2103\/revisions\/2104"}],"wp:attachment":[{"href":"https:\/\/buergerverein-ohmstede.de\/index.php?rest_route=%2Fwp%2Fv2%2Fmedia&parent=2103"}],"wp:term":[{"taxonomy":"category","embeddable":true,"href":"https:\/\/buergerverein-ohmstede.de\/index.php?rest_route=%2Fwp%2Fv2%2Fcategories&post=2103"},{"taxonomy":"post_tag","embeddable":true,"href":"https:\/\/buergerverein-ohmstede.de\/index.php?rest_route=%2Fwp%2Fv2%2Ftags&post=2103"}],"curies":[{"name":"wp","href":"https:\/\/api.w.org\/{rel}","templated":true}]}}