{"id":2053,"date":"2024-04-02T12:25:16","date_gmt":"2024-04-02T10:25:16","guid":{"rendered":"https:\/\/buergerverein-ohmstede.de\/?p=2053"},"modified":"2024-04-02T12:25:16","modified_gmt":"2024-04-02T10:25:16","slug":"radtour-zum-kalender-2024","status":"publish","type":"post","link":"https:\/\/buergerverein-ohmstede.de\/?p=2053","title":{"rendered":"Radtour zum Kalender 2024"},"content":{"rendered":"\n<p>Wie zum Erscheinen des \u201eOhmsteder Kalenders 2024\u201c angek\u00fcndigt, wollen wir am 25. Mai 2024 um 15 Uhr die Kalender-Fahrradtour durchf\u00fchren. Wir fahren die Objekte aus den Fotos vom Kalender in unserem sch\u00f6nen und lebenswerten Oldenburger Stadtteil an. Treffpunkt ist beim Reeddach Ohmstede (ehemals B\u00fcfa vor der Autobahnauffahrt). Die Strecke ist ca. 11 km lang. Anschlie\u00dfend wollen wir bei Bratwurst und Bier oder Kaltgetr\u00e4nken die Fahrradtour ausklingen lassen. Aus organisatorischen Gr\u00fcnden ben\u00f6tigen wir unbedingt eure Anmeldung bis zum 16. Mai 2024 unter Tel.: 0441\/31204 oder 0441\/381208 (Ady Baron).<\/p>\n","protected":false},"excerpt":{"rendered":"<p>Wie zum Erscheinen des \u201eOhmsteder Kalenders 2024\u201c angek\u00fcndigt, wollen wir am 25. Mai 2024 um 15 Uhr die Kalender-Fahrradtour durchf\u00fchren. Wir fahren die Objekte aus den Fotos vom Kalender in unserem sch\u00f6nen und lebenswerten Oldenburger Stadtteil an. Treffpunkt ist beim Reeddach Ohmstede (ehemals B\u00fcfa vor der Autobahnauffahrt). Die Strecke ist ca. 11 km lang. Anschlie\u00dfend [&hellip;]<\/p>\n","protected":false},"author":3,"featured_media":0,"comment_status":"closed","ping_status":"closed","sticky":false,"template":"","format":"standard","meta":{"footnotes":""},"categories":[1],"tags":[],"class_list":["post-2053","post","type-post","status-publish","format-standard","hentry","category-uncategorized"],"_links":{"self":[{"href":"https:\/\/buergerverein-ohmstede.de\/index.php?rest_route=\/wp\/v2\/posts\/2053","targetHints":{"allow":["GET"]}}],"collection":[{"href":"https:\/\/buergerverein-ohmstede.de\/index.php?rest_route=\/wp\/v2\/posts"}],"about":[{"href":"https:\/\/buergerverein-ohmstede.de\/index.php?rest_route=\/wp\/v2\/types\/post"}],"author":[{"embeddable":true,"href":"https:\/\/buergerverein-ohmstede.de\/index.php?rest_route=\/wp\/v2\/users\/3"}],"replies":[{"embeddable":true,"href":"https:\/\/buergerverein-ohmstede.de\/index.php?rest_route=%2Fwp%2Fv2%2Fcomments&post=2053"}],"version-history":[{"count":1,"href":"https:\/\/buergerverein-ohmstede.de\/index.php?rest_route=\/wp\/v2\/posts\/2053\/revisions"}],"predecessor-version":[{"id":2054,"href":"https:\/\/buergerverein-ohmstede.de\/index.php?rest_route=\/wp\/v2\/posts\/2053\/revisions\/2054"}],"wp:attachment":[{"href":"https:\/\/buergerverein-ohmstede.de\/index.php?rest_route=%2Fwp%2Fv2%2Fmedia&parent=2053"}],"wp:term":[{"taxonomy":"category","embeddable":true,"href":"https:\/\/buergerverein-ohmstede.de\/index.php?rest_route=%2Fwp%2Fv2%2Fcategories&post=2053"},{"taxonomy":"post_tag","embeddable":true,"href":"https:\/\/buergerverein-ohmstede.de\/index.php?rest_route=%2Fwp%2Fv2%2Ftags&post=2053"}],"curies":[{"name":"wp","href":"https:\/\/api.w.org\/{rel}","templated":true}]}}