{"id":1815,"date":"2023-09-01T08:43:41","date_gmt":"2023-09-01T06:43:41","guid":{"rendered":"https:\/\/buergerverein-ohmstede.de\/?p=1815"},"modified":"2023-08-21T17:44:17","modified_gmt":"2023-08-21T15:44:17","slug":"zur-geschichte-des-buergervereins-ohmstede","status":"publish","type":"post","link":"https:\/\/buergerverein-ohmstede.de\/?p=1815","title":{"rendered":"Zur Geschichte des B\u00fcrgervereins Ohmstede"},"content":{"rendered":"\n<p><p style=\"line-height: 150%; margin-bottom: 0cm\"><font face=\"Arial, sans-serif\"><font style=\"font-size: 12pt\">Viele von uns m\u00f6gen es bedauern, dass der B\u00fcrgerverein Ohmstede, anders als andere, niemals seine langj\u00e4hrigen Mitglieder, zum Beispiel nach 25- oder 50-j\u00e4hriger Vereinszugeh\u00f6rigkeit im Rahmen der Jahreshauptversammlung oder bei einer anderen Gelegenheit ehrt. Wie gerne w\u00fcrden auch wir eine solche Gelegenheit wahrnehmen, die Verbundenheit mit unserem Verein lobend zum Ausdruck zu bringen. Leider sind uns durch ein trauriges Ereignis die M\u00f6glichkeiten hierzu aus der Hand genommen worden. Die \u00c4lteren unter uns k\u00f6nnen sich sicherlich noch daran erinnern, dass vor zehn Jahren bei dem Gro\u00dfbrand in Gro\u00df Bornhorst nicht nur drei Bauernh\u00e4user vernichtet wurden, sondern auch das gesamte Archiv unseres Vereins und damit auch unser \u201eGed\u00e4chtnis\u201c, das auf dem Boden unseres damaligen Vereinsvorsitzenden Fritz Hardach lagerte. So k\u00f6nnen wir heute nicht mehr nachvollziehen, wann die einzelnen Mitglieder zu uns gesto\u00dfen sind. Wir bem\u00fchen uns nach Kr\u00e4ften, ein solches Archiv wieder aufzubauen, aber es wird wohl St\u00fcckwerk bleiben. Wir sind aber immer dankbar, wenn jemand beim Ausmisten alte Schriftst\u00fccke pers\u00f6nlicher oder allgemeiner Art mit Bezug zum B\u00fcrgerverein Ohmstede findet und sie uns \u00fcberl\u00e4sst. So ist uns vor Kurzem ein Schreiben \u00fcberreicht worden, dass einen konkreten Hinweis auf das Gr\u00fcndungsdatum unseres Vereins gibt: In einem vom seinerzeitigen Vorsitzenden Otto Vahlenkamp unterzeichneten Dokument ist hier das Datum des 22. Mai 1950 angegeben und damit ist der Verein ein Jahr \u00e4lter als in der Ortschronik von Heinrich Munderloh verzeichnet. Beim Amtsgericht Oldenburg als gemeinn\u00fctzig eingetragen worden ist der Verein tats\u00e4chlich erst im Jahre 1994. Also, in knapp zwei Jahren steht uns das n\u00e4chste Gro\u00dfereignis bevor: 75 Jahre B\u00fcrgerverein Ohmstede.  <\/font><\/font> <span style=\"font-size: revert; color: initial;\"> <\/span><span style=\"color: initial; font-size: 12pt; font-family: Arial, sans-serif;\">(bomst)<\/span><span style=\"font-size: revert; color: initial;\"> <\/span><\/p><\/p>\n","protected":false},"excerpt":{"rendered":"<p>Viele von uns m\u00f6gen es bedauern, dass der B\u00fcrgerverein Ohmstede, anders als andere, niemals seine langj\u00e4hrigen Mitglieder, zum Beispiel nach 25- oder 50-j\u00e4hriger Vereinszugeh\u00f6rigkeit im Rahmen der Jahreshauptversammlung oder bei einer anderen Gelegenheit ehrt. Wie gerne w\u00fcrden auch wir eine solche Gelegenheit wahrnehmen, die Verbundenheit mit unserem Verein lobend zum Ausdruck zu bringen. Leider sind [&hellip;]<\/p>\n","protected":false},"author":3,"featured_media":0,"comment_status":"closed","ping_status":"closed","sticky":false,"template":"","format":"standard","meta":{"footnotes":""},"categories":[1],"tags":[],"class_list":["post-1815","post","type-post","status-publish","format-standard","hentry","category-uncategorized"],"_links":{"self":[{"href":"https:\/\/buergerverein-ohmstede.de\/index.php?rest_route=\/wp\/v2\/posts\/1815","targetHints":{"allow":["GET"]}}],"collection":[{"href":"https:\/\/buergerverein-ohmstede.de\/index.php?rest_route=\/wp\/v2\/posts"}],"about":[{"href":"https:\/\/buergerverein-ohmstede.de\/index.php?rest_route=\/wp\/v2\/types\/post"}],"author":[{"embeddable":true,"href":"https:\/\/buergerverein-ohmstede.de\/index.php?rest_route=\/wp\/v2\/users\/3"}],"replies":[{"embeddable":true,"href":"https:\/\/buergerverein-ohmstede.de\/index.php?rest_route=%2Fwp%2Fv2%2Fcomments&post=1815"}],"version-history":[{"count":1,"href":"https:\/\/buergerverein-ohmstede.de\/index.php?rest_route=\/wp\/v2\/posts\/1815\/revisions"}],"predecessor-version":[{"id":1816,"href":"https:\/\/buergerverein-ohmstede.de\/index.php?rest_route=\/wp\/v2\/posts\/1815\/revisions\/1816"}],"wp:attachment":[{"href":"https:\/\/buergerverein-ohmstede.de\/index.php?rest_route=%2Fwp%2Fv2%2Fmedia&parent=1815"}],"wp:term":[{"taxonomy":"category","embeddable":true,"href":"https:\/\/buergerverein-ohmstede.de\/index.php?rest_route=%2Fwp%2Fv2%2Fcategories&post=1815"},{"taxonomy":"post_tag","embeddable":true,"href":"https:\/\/buergerverein-ohmstede.de\/index.php?rest_route=%2Fwp%2Fv2%2Ftags&post=1815"}],"curies":[{"name":"wp","href":"https:\/\/api.w.org\/{rel}","templated":true}]}}