{"id":1699,"date":"2023-07-03T14:17:32","date_gmt":"2023-07-03T12:17:32","guid":{"rendered":"https:\/\/buergerverein-ohmstede.de\/?p=1699"},"modified":"2023-07-03T14:17:32","modified_gmt":"2023-07-03T12:17:32","slug":"fahrradtour-2023","status":"publish","type":"post","link":"https:\/\/buergerverein-ohmstede.de\/?p=1699","title":{"rendered":"Fahrradtour 2023"},"content":{"rendered":"\n<p>Auf der letzten Sitzung des Beirates wurde ein Termin f\u00fcr die diesj\u00e4hrige Fahrradtour des B\u00fcrgervereins besprochen: sie wird am 26. August stattfinden und in diesem Jahr von Addi Baron organisiert. Im Anschluss wollen wir dann wieder zum gem\u00fctlichen Grillen bei Karin und Rainer Bartelt zusammen kommen. Wer also Interesse hat, daran teilzunehmen, m\u00f6ge sich den Termin unbedingt schon vormerken. Infos zum Treffpunkt und zur Tour wird es in der n\u00e4chsten OMZ geben.<\/p>\n","protected":false},"excerpt":{"rendered":"<p>Auf der letzten Sitzung des Beirates wurde ein Termin f\u00fcr die diesj\u00e4hrige Fahrradtour des B\u00fcrgervereins besprochen: sie wird am 26. August stattfinden und in diesem Jahr von Addi Baron organisiert. Im Anschluss wollen wir dann wieder zum gem\u00fctlichen Grillen bei Karin und Rainer Bartelt zusammen kommen. Wer also Interesse hat, daran teilzunehmen, m\u00f6ge sich den [&hellip;]<\/p>\n","protected":false},"author":3,"featured_media":0,"comment_status":"closed","ping_status":"closed","sticky":false,"template":"","format":"standard","meta":{"footnotes":""},"categories":[1],"tags":[],"class_list":["post-1699","post","type-post","status-publish","format-standard","hentry","category-uncategorized"],"_links":{"self":[{"href":"https:\/\/buergerverein-ohmstede.de\/index.php?rest_route=\/wp\/v2\/posts\/1699","targetHints":{"allow":["GET"]}}],"collection":[{"href":"https:\/\/buergerverein-ohmstede.de\/index.php?rest_route=\/wp\/v2\/posts"}],"about":[{"href":"https:\/\/buergerverein-ohmstede.de\/index.php?rest_route=\/wp\/v2\/types\/post"}],"author":[{"embeddable":true,"href":"https:\/\/buergerverein-ohmstede.de\/index.php?rest_route=\/wp\/v2\/users\/3"}],"replies":[{"embeddable":true,"href":"https:\/\/buergerverein-ohmstede.de\/index.php?rest_route=%2Fwp%2Fv2%2Fcomments&post=1699"}],"version-history":[{"count":1,"href":"https:\/\/buergerverein-ohmstede.de\/index.php?rest_route=\/wp\/v2\/posts\/1699\/revisions"}],"predecessor-version":[{"id":1700,"href":"https:\/\/buergerverein-ohmstede.de\/index.php?rest_route=\/wp\/v2\/posts\/1699\/revisions\/1700"}],"wp:attachment":[{"href":"https:\/\/buergerverein-ohmstede.de\/index.php?rest_route=%2Fwp%2Fv2%2Fmedia&parent=1699"}],"wp:term":[{"taxonomy":"category","embeddable":true,"href":"https:\/\/buergerverein-ohmstede.de\/index.php?rest_route=%2Fwp%2Fv2%2Fcategories&post=1699"},{"taxonomy":"post_tag","embeddable":true,"href":"https:\/\/buergerverein-ohmstede.de\/index.php?rest_route=%2Fwp%2Fv2%2Ftags&post=1699"}],"curies":[{"name":"wp","href":"https:\/\/api.w.org\/{rel}","templated":true}]}}