{"id":1697,"date":"2023-07-03T14:15:44","date_gmt":"2023-07-03T12:15:44","guid":{"rendered":"https:\/\/buergerverein-ohmstede.de\/?p=1697"},"modified":"2023-07-03T14:15:44","modified_gmt":"2023-07-03T12:15:44","slug":"repair-cafe-ohmstede-zieht-bilanz","status":"publish","type":"post","link":"https:\/\/buergerverein-ohmstede.de\/?p=1697","title":{"rendered":"Repair-Caf\u00e9 Ohmstede zieht Bilanz"},"content":{"rendered":"\n<p>Das Repair-Caf\u00e9 Ohmstede im Kulturzentrum Rennplatz geht in die Sommerpause, eine gute Gelegenheit, Bilanz zu ziehen. Die Tr\u00e4ger der Einrichtung, Kulturzentrum und B\u00fcrgerverein, danken den ehrenamtlichen Reparateuren, dass sie Zeit und Gehirnschmalz aufwenden, um fachkundig Unterst\u00fctzung zu geben, wie Dinge des Alltags wieder instand gesetzt werden k\u00f6nnen, ohne dass gleich teure Neuanschaffungen erforderlich sind. Das ist die Idee, die hinter den Repair-Caf\u00e9s weltweit steckt. Leider l\u00e4sst sich der Ansturm der Nachfragenden nicht so steuern wie gew\u00fcnscht, so dass gelegentlich Interessierte wieder weggeschickt werden mussten, da der Andrang zu gro\u00df war, w\u00e4hrend anderntags \u201eSaure-Gurken-Zeit\u201c herrschte. Bedauerlicherweise wird auch die Homepage der Repair-Caf\u00e9s in Oldenburg vom Reparaturrat nicht so gepflegt wie gew\u00fcnscht, so dass auch die \u00d6ffnungszeiten hier nicht in Erfahrung zu bringen sind. Deshalb noch einmal an dieser Stelle: Das Repair-Caf\u00e9 Ohmstede \u00f6ffnet jeden 4. Freitag im Monat von 14.30 bis 16.30 Uhr in der Kurlandallee 4 seine Pforten. N\u00e4chster Termin ist der 25. August.<\/p>\n","protected":false},"excerpt":{"rendered":"<p>Das Repair-Caf\u00e9 Ohmstede im Kulturzentrum Rennplatz geht in die Sommerpause, eine gute Gelegenheit, Bilanz zu ziehen. Die Tr\u00e4ger der Einrichtung, Kulturzentrum und B\u00fcrgerverein, danken den ehrenamtlichen Reparateuren, dass sie Zeit und Gehirnschmalz aufwenden, um fachkundig Unterst\u00fctzung zu geben, wie Dinge des Alltags wieder instand gesetzt werden k\u00f6nnen, ohne dass gleich teure Neuanschaffungen erforderlich sind. Das [&hellip;]<\/p>\n","protected":false},"author":3,"featured_media":0,"comment_status":"closed","ping_status":"closed","sticky":false,"template":"","format":"standard","meta":{"footnotes":""},"categories":[1],"tags":[],"class_list":["post-1697","post","type-post","status-publish","format-standard","hentry","category-uncategorized"],"_links":{"self":[{"href":"https:\/\/buergerverein-ohmstede.de\/index.php?rest_route=\/wp\/v2\/posts\/1697","targetHints":{"allow":["GET"]}}],"collection":[{"href":"https:\/\/buergerverein-ohmstede.de\/index.php?rest_route=\/wp\/v2\/posts"}],"about":[{"href":"https:\/\/buergerverein-ohmstede.de\/index.php?rest_route=\/wp\/v2\/types\/post"}],"author":[{"embeddable":true,"href":"https:\/\/buergerverein-ohmstede.de\/index.php?rest_route=\/wp\/v2\/users\/3"}],"replies":[{"embeddable":true,"href":"https:\/\/buergerverein-ohmstede.de\/index.php?rest_route=%2Fwp%2Fv2%2Fcomments&post=1697"}],"version-history":[{"count":1,"href":"https:\/\/buergerverein-ohmstede.de\/index.php?rest_route=\/wp\/v2\/posts\/1697\/revisions"}],"predecessor-version":[{"id":1698,"href":"https:\/\/buergerverein-ohmstede.de\/index.php?rest_route=\/wp\/v2\/posts\/1697\/revisions\/1698"}],"wp:attachment":[{"href":"https:\/\/buergerverein-ohmstede.de\/index.php?rest_route=%2Fwp%2Fv2%2Fmedia&parent=1697"}],"wp:term":[{"taxonomy":"category","embeddable":true,"href":"https:\/\/buergerverein-ohmstede.de\/index.php?rest_route=%2Fwp%2Fv2%2Fcategories&post=1697"},{"taxonomy":"post_tag","embeddable":true,"href":"https:\/\/buergerverein-ohmstede.de\/index.php?rest_route=%2Fwp%2Fv2%2Ftags&post=1697"}],"curies":[{"name":"wp","href":"https:\/\/api.w.org\/{rel}","templated":true}]}}