{"id":1694,"date":"2023-07-03T14:16:13","date_gmt":"2023-07-03T12:16:13","guid":{"rendered":"https:\/\/buergerverein-ohmstede.de\/?p=1694"},"modified":"2023-07-03T14:16:13","modified_gmt":"2023-07-03T12:16:13","slug":"der-pfingstbaum-in-ohmstede","status":"publish","type":"post","link":"https:\/\/buergerverein-ohmstede.de\/?p=1694","title":{"rendered":"Der Pfingstbaum in Ohmstede"},"content":{"rendered":"\n<p>Viel Sonne und viele G\u00e4ste; so w\u00fcnschten sich die Veranstalter des Pfingstbaumsetzens in Ohmstede ihr Ereignis. Und so war es denn auch in diesem Jahr! Bereits am Pfingstsonnabend hatten sich so viele Nachbarinnen und Nachbarn auf dem W\u00f6bkenhof in Klein Bornhorst eingefunden, dass der pr\u00e4chtig gebundene und geschm\u00fcckte Baum schon nach wenigen Stunden mit vereinter Kraft auf den mehr als hundert Jahre alten Leiterwagen gehoben werden konnte. Eine fr\u00f6hliche Kaffeerunde mit leckerem Rhabarberkuchen unter dem wunderbaren Baumbestand des Hofes beendete diesen Teil der Vorbereitung. <\/p>\n\n\n\n<p>Der Sonntagnachmittag begann mit dem traditionellen Zug des Baumes von Klein Bornhorst \u00fcber die Elsflether Stra\u00dfe zum Restaurant Mykonos im Wiesenkieker. Begleitet von der Freiwilligen Feuerwehr Ohmstede, die den Verkehrsablauf regelte, und den Moorriemer Quetschkommoden, die daf\u00fcr sorgten, dass wir in Schwung blieben, erreichten wir unbeschadet unser Ziel. Das Aufstellen des Baumes ist unseren Profis mittlerweile zur Routine geworden und forderte den Beifall aller Anwesenden heraus. Nachdem Rainer Bartelt als Vorsitzender des B\u00fcrgervereins die G\u00e4ste begr\u00fc\u00dft und Benno von Minden f\u00fcr den Plattd\u00fctschen Vereen den Baum eingeweiht hatte, f\u00fchrten die \u201ePlattdeutschen\u201c noch einige Volkst\u00e4nze auf, die ebenfalls gro\u00dfen Anklang fanden. Noch lange standen und sa\u00dfen die G\u00e4ste zusammen und hatten einen gem\u00fctlichen Pfingstnachmittag.<\/p>\n\n\n\n<figure class=\"wp-block-image size-large is-resized\"><a href=\"https:\/\/buergerverein-ohmstede.de\/wp-content\/uploads\/2023\/07\/Pfingstbaum-1.jpg\"><img loading=\"lazy\" decoding=\"async\" src=\"https:\/\/buergerverein-ohmstede.de\/wp-content\/uploads\/2023\/07\/Pfingstbaum-1-1024x768.jpg\" alt=\"\" class=\"wp-image-1691\" width=\"360\" height=\"270\" srcset=\"https:\/\/buergerverein-ohmstede.de\/wp-content\/uploads\/2023\/07\/Pfingstbaum-1-1024x768.jpg 1024w, https:\/\/buergerverein-ohmstede.de\/wp-content\/uploads\/2023\/07\/Pfingstbaum-1-300x225.jpg 300w, https:\/\/buergerverein-ohmstede.de\/wp-content\/uploads\/2023\/07\/Pfingstbaum-1-768x576.jpg 768w, https:\/\/buergerverein-ohmstede.de\/wp-content\/uploads\/2023\/07\/Pfingstbaum-1-1536x1152.jpg 1536w, https:\/\/buergerverein-ohmstede.de\/wp-content\/uploads\/2023\/07\/Pfingstbaum-1.jpg 2016w\" sizes=\"auto, (max-width: 360px) 100vw, 360px\" \/><\/a><\/figure>\n\n\n\n<figure class=\"wp-block-image size-large is-resized\"><a href=\"https:\/\/buergerverein-ohmstede.de\/wp-content\/uploads\/2023\/07\/Pfingstbaum2.jpg\"><img loading=\"lazy\" decoding=\"async\" src=\"https:\/\/buergerverein-ohmstede.de\/wp-content\/uploads\/2023\/07\/Pfingstbaum2-768x1024.jpg\" alt=\"\" class=\"wp-image-1692\" width=\"239\" height=\"319\" srcset=\"https:\/\/buergerverein-ohmstede.de\/wp-content\/uploads\/2023\/07\/Pfingstbaum2-768x1024.jpg 768w, https:\/\/buergerverein-ohmstede.de\/wp-content\/uploads\/2023\/07\/Pfingstbaum2-225x300.jpg 225w, https:\/\/buergerverein-ohmstede.de\/wp-content\/uploads\/2023\/07\/Pfingstbaum2-1152x1536.jpg 1152w, https:\/\/buergerverein-ohmstede.de\/wp-content\/uploads\/2023\/07\/Pfingstbaum2.jpg 1512w\" sizes=\"auto, (max-width: 239px) 100vw, 239px\" \/><\/a><\/figure>\n\n\n\n<figure class=\"wp-block-image size-large is-resized\"><a href=\"https:\/\/buergerverein-ohmstede.de\/wp-content\/uploads\/2023\/07\/Pfingstbaum3.jpg\"><img loading=\"lazy\" decoding=\"async\" src=\"https:\/\/buergerverein-ohmstede.de\/wp-content\/uploads\/2023\/07\/Pfingstbaum3-768x1024.jpg\" alt=\"\" class=\"wp-image-1693\" width=\"235\" height=\"313\" srcset=\"https:\/\/buergerverein-ohmstede.de\/wp-content\/uploads\/2023\/07\/Pfingstbaum3-768x1024.jpg 768w, https:\/\/buergerverein-ohmstede.de\/wp-content\/uploads\/2023\/07\/Pfingstbaum3-225x300.jpg 225w, https:\/\/buergerverein-ohmstede.de\/wp-content\/uploads\/2023\/07\/Pfingstbaum3-1152x1536.jpg 1152w, https:\/\/buergerverein-ohmstede.de\/wp-content\/uploads\/2023\/07\/Pfingstbaum3.jpg 1512w\" sizes=\"auto, (max-width: 235px) 100vw, 235px\" \/><\/a><\/figure>\n\n\n\n<p>Der Pfingstbaum ist immer ein gro\u00dfes Event in Ohmstede, bei dem der Stadtteil zusammenkommt.<\/p>\n","protected":false},"excerpt":{"rendered":"<p>Viel Sonne und viele G\u00e4ste; so w\u00fcnschten sich die Veranstalter des Pfingstbaumsetzens in Ohmstede ihr Ereignis. Und so war es denn auch in diesem Jahr! Bereits am Pfingstsonnabend hatten sich so viele Nachbarinnen und Nachbarn auf dem W\u00f6bkenhof in Klein Bornhorst eingefunden, dass der pr\u00e4chtig gebundene und geschm\u00fcckte Baum schon nach wenigen Stunden mit vereinter [&hellip;]<\/p>\n","protected":false},"author":3,"featured_media":0,"comment_status":"closed","ping_status":"closed","sticky":false,"template":"","format":"standard","meta":{"footnotes":""},"categories":[1],"tags":[],"class_list":["post-1694","post","type-post","status-publish","format-standard","hentry","category-uncategorized"],"_links":{"self":[{"href":"https:\/\/buergerverein-ohmstede.de\/index.php?rest_route=\/wp\/v2\/posts\/1694","targetHints":{"allow":["GET"]}}],"collection":[{"href":"https:\/\/buergerverein-ohmstede.de\/index.php?rest_route=\/wp\/v2\/posts"}],"about":[{"href":"https:\/\/buergerverein-ohmstede.de\/index.php?rest_route=\/wp\/v2\/types\/post"}],"author":[{"embeddable":true,"href":"https:\/\/buergerverein-ohmstede.de\/index.php?rest_route=\/wp\/v2\/users\/3"}],"replies":[{"embeddable":true,"href":"https:\/\/buergerverein-ohmstede.de\/index.php?rest_route=%2Fwp%2Fv2%2Fcomments&post=1694"}],"version-history":[{"count":2,"href":"https:\/\/buergerverein-ohmstede.de\/index.php?rest_route=\/wp\/v2\/posts\/1694\/revisions"}],"predecessor-version":[{"id":1696,"href":"https:\/\/buergerverein-ohmstede.de\/index.php?rest_route=\/wp\/v2\/posts\/1694\/revisions\/1696"}],"wp:attachment":[{"href":"https:\/\/buergerverein-ohmstede.de\/index.php?rest_route=%2Fwp%2Fv2%2Fmedia&parent=1694"}],"wp:term":[{"taxonomy":"category","embeddable":true,"href":"https:\/\/buergerverein-ohmstede.de\/index.php?rest_route=%2Fwp%2Fv2%2Fcategories&post=1694"},{"taxonomy":"post_tag","embeddable":true,"href":"https:\/\/buergerverein-ohmstede.de\/index.php?rest_route=%2Fwp%2Fv2%2Ftags&post=1694"}],"curies":[{"name":"wp","href":"https:\/\/api.w.org\/{rel}","templated":true}]}}