{"id":1542,"date":"2023-04-01T15:19:10","date_gmt":"2023-04-01T13:19:10","guid":{"rendered":"https:\/\/buergerverein-ohmstede.de\/?p=1542"},"modified":"2023-03-27T13:29:12","modified_gmt":"2023-03-27T11:29:12","slug":"oldenburg-raeumt-auf-3","status":"publish","type":"post","link":"https:\/\/buergerverein-ohmstede.de\/?p=1542","title":{"rendered":"Oldenburg r\u00e4umt auf"},"content":{"rendered":"\n<p>Das Sch\u00f6ne an der allj\u00e4hrlichen Aktion \u201eOL r\u00e4umt auf!\u201c ist, dass sie Sinn macht. In jeder Hinsicht. Sie l\u00e4\u00dft Menschen zusammen kommen, sich gemeinsam engagieren, etwas Gutes f\u00fcr Umwelt und Stadt tun und sorgt im Abschluss mit der Aktion noch daf\u00fcr, dass dank der Unterst\u00fctzung der LzO zwei soziale Einrichtungen finanziell unterst\u00fctzt werden. In diesem Jahr fanden sich ca. 20 Freiwillige beim Treffpunkt an der Feuerwehr in Ohmstede ein, um von dort aus den Stadtteil nach M\u00fcll und Unrat abzusuchen. Unser B\u00fcrgerverein versucht im Vorfeld immer, diese Aktion ein bi\u00dfchen zu koordinieren und die eifrigen Sammler und Sammlerinnen m\u00f6glichst fl\u00e4chendeckend im Stadtteil zu verteilen. Das gelingt auch ganz gut, allerdings treffen die meist kleinen Teams dann in vielen Stra\u00dfen und Wegen auf Menschen, die dort schon sammeln. Ganz ohne sich vorher \u00fcber oder mit dem B\u00fcrgerverein abgesprochen zu haben. Das sorgt manchmal f\u00fcr etwas Verwirrung &#8211; weil Gelbwesten umherziehen, auf der Suche nach einem \u201elohnenden\u201c Gebiet zum Aufr\u00e4umen &#8211; tut der Sache als Solches aber keinen Abbruch, weil alle Dasselbe wollen: eine saubere Stadt! Wir bedanken uns mit einem Abschlussfoto von dieser gelungenen Aktion. Unser Dank geht aber ebenso an Alle, die in Ohmstede aufger\u00e4umt haben.<\/p>\n\n\n\n<p><em>Der Vorstand<\/em><\/p>\n\n\n\n<figure class=\"wp-block-image size-large\"><a href=\"https:\/\/buergerverein-ohmstede.de\/wp-content\/uploads\/2023\/03\/BV-Ohmstede-OL-raeumt-auf.jpg\"><img loading=\"lazy\" decoding=\"async\" width=\"1024\" height=\"839\" src=\"https:\/\/buergerverein-ohmstede.de\/wp-content\/uploads\/2023\/03\/BV-Ohmstede-OL-raeumt-auf-1024x839.jpg\" alt=\"\" class=\"wp-image-1544\" srcset=\"https:\/\/buergerverein-ohmstede.de\/wp-content\/uploads\/2023\/03\/BV-Ohmstede-OL-raeumt-auf-1024x839.jpg 1024w, https:\/\/buergerverein-ohmstede.de\/wp-content\/uploads\/2023\/03\/BV-Ohmstede-OL-raeumt-auf-300x246.jpg 300w, https:\/\/buergerverein-ohmstede.de\/wp-content\/uploads\/2023\/03\/BV-Ohmstede-OL-raeumt-auf-768x629.jpg 768w, https:\/\/buergerverein-ohmstede.de\/wp-content\/uploads\/2023\/03\/BV-Ohmstede-OL-raeumt-auf-1536x1259.jpg 1536w, https:\/\/buergerverein-ohmstede.de\/wp-content\/uploads\/2023\/03\/BV-Ohmstede-OL-raeumt-auf-2048x1678.jpg 2048w\" sizes=\"auto, (max-width: 1024px) 100vw, 1024px\" \/><\/a><\/figure>\n\n\n\n<p>Abschlussfoto nach einer gelungenen und ebenso notwendigen Sammelaktion.<\/p>\n","protected":false},"excerpt":{"rendered":"<p>Das Sch\u00f6ne an der allj\u00e4hrlichen Aktion \u201eOL r\u00e4umt auf!\u201c ist, dass sie Sinn macht. In jeder Hinsicht. Sie l\u00e4\u00dft Menschen zusammen kommen, sich gemeinsam engagieren, etwas Gutes f\u00fcr Umwelt und Stadt tun und sorgt im Abschluss mit der Aktion noch daf\u00fcr, dass dank der Unterst\u00fctzung der LzO zwei soziale Einrichtungen finanziell unterst\u00fctzt werden. In diesem [&hellip;]<\/p>\n","protected":false},"author":3,"featured_media":0,"comment_status":"closed","ping_status":"closed","sticky":false,"template":"","format":"standard","meta":{"footnotes":""},"categories":[1],"tags":[],"class_list":["post-1542","post","type-post","status-publish","format-standard","hentry","category-uncategorized"],"_links":{"self":[{"href":"https:\/\/buergerverein-ohmstede.de\/index.php?rest_route=\/wp\/v2\/posts\/1542","targetHints":{"allow":["GET"]}}],"collection":[{"href":"https:\/\/buergerverein-ohmstede.de\/index.php?rest_route=\/wp\/v2\/posts"}],"about":[{"href":"https:\/\/buergerverein-ohmstede.de\/index.php?rest_route=\/wp\/v2\/types\/post"}],"author":[{"embeddable":true,"href":"https:\/\/buergerverein-ohmstede.de\/index.php?rest_route=\/wp\/v2\/users\/3"}],"replies":[{"embeddable":true,"href":"https:\/\/buergerverein-ohmstede.de\/index.php?rest_route=%2Fwp%2Fv2%2Fcomments&post=1542"}],"version-history":[{"count":3,"href":"https:\/\/buergerverein-ohmstede.de\/index.php?rest_route=\/wp\/v2\/posts\/1542\/revisions"}],"predecessor-version":[{"id":1546,"href":"https:\/\/buergerverein-ohmstede.de\/index.php?rest_route=\/wp\/v2\/posts\/1542\/revisions\/1546"}],"wp:attachment":[{"href":"https:\/\/buergerverein-ohmstede.de\/index.php?rest_route=%2Fwp%2Fv2%2Fmedia&parent=1542"}],"wp:term":[{"taxonomy":"category","embeddable":true,"href":"https:\/\/buergerverein-ohmstede.de\/index.php?rest_route=%2Fwp%2Fv2%2Fcategories&post=1542"},{"taxonomy":"post_tag","embeddable":true,"href":"https:\/\/buergerverein-ohmstede.de\/index.php?rest_route=%2Fwp%2Fv2%2Ftags&post=1542"}],"curies":[{"name":"wp","href":"https:\/\/api.w.org\/{rel}","templated":true}]}}