{"id":1499,"date":"2023-03-01T17:17:33","date_gmt":"2023-03-01T16:17:33","guid":{"rendered":"https:\/\/buergerverein-ohmstede.de\/?p=1499"},"modified":"2023-02-26T17:24:52","modified_gmt":"2023-02-26T16:24:52","slug":"walzerklaenge-und-wurstbroetchen","status":"publish","type":"post","link":"https:\/\/buergerverein-ohmstede.de\/?p=1499","title":{"rendered":"Walzerkl\u00e4nge und Wurstbr\u00f6tchen"},"content":{"rendered":"\n<p>Mehr als 30 Teilnehmerinnen und Teilnehmer waren am Sonntag, den 5. Februar der Einladung des B\u00fcrgervereins Ohmstede zum B\u00fcrgerfr\u00fchst\u00fcck in das Kulturzentrum Rennplatz gefolgt, wo Martina H\u00f6pe, Jutta Splettst\u00f6\u00dfer und Kirsten Eilers die Tische schon festlich gedeckt hatten. Kaum hatten sich alle von dem reichhaltigen Buffet bedient und ihre Pl\u00e4tze eingenommen, setzte sich Margarita Tarasova ans Klavier und begann mit einf\u00fchlsamer Begleitmusik die Zuh\u00f6rerschaft zu unterhalten. Eine gelungene \u00dcberraschung des Organisationsteams! Von Walzerkl\u00e4ngen bis Popmusik hatte die vielseitige K\u00fcnstlerin alles in ihrem Programm, und so verging bei leckeren Speisen und angeregten Gespr\u00e4chen der Vormittag wie im Fluge. Alle Beteiligten waren zum Schluss voll des Lobes \u00fcber die gelungene Veranstaltung und freuten sich \u2013 wie k\u00f6nnte es anders sein \u2013 auf eine baldige Fortsetzung. Dank an alle, die uns dies erm\u00f6glichten.<\/p>\n\n\n\n<p><em>Rainer Bartelt<\/em><\/p>\n\n\n\n<figure class=\"wp-block-image size-full\"><a href=\"https:\/\/buergerverein-ohmstede.de\/wp-content\/uploads\/2023\/02\/BV-Ohmstede-Buergerfruehstueck.jpg\"><img loading=\"lazy\" decoding=\"async\" width=\"640\" height=\"480\" src=\"https:\/\/buergerverein-ohmstede.de\/wp-content\/uploads\/2023\/02\/BV-Ohmstede-Buergerfruehstueck.jpg\" alt=\"\" class=\"wp-image-1501\" srcset=\"https:\/\/buergerverein-ohmstede.de\/wp-content\/uploads\/2023\/02\/BV-Ohmstede-Buergerfruehstueck.jpg 640w, https:\/\/buergerverein-ohmstede.de\/wp-content\/uploads\/2023\/02\/BV-Ohmstede-Buergerfruehstueck-300x225.jpg 300w\" sizes=\"auto, (max-width: 640px) 100vw, 640px\" \/><\/a><\/figure>\n\n\n\n<p>BU Das B\u00fcrgerfr\u00fchst\u00fcck hat sich mittlerweile zu einer festen Veranstaltung gemausert.<\/p>\n","protected":false},"excerpt":{"rendered":"<p>Mehr als 30 Teilnehmerinnen und Teilnehmer waren am Sonntag, den 5. Februar der Einladung des B\u00fcrgervereins Ohmstede zum B\u00fcrgerfr\u00fchst\u00fcck in das Kulturzentrum Rennplatz gefolgt, wo Martina H\u00f6pe, Jutta Splettst\u00f6\u00dfer und Kirsten Eilers die Tische schon festlich gedeckt hatten. Kaum hatten sich alle von dem reichhaltigen Buffet bedient und ihre Pl\u00e4tze eingenommen, setzte sich Margarita Tarasova [&hellip;]<\/p>\n","protected":false},"author":3,"featured_media":0,"comment_status":"closed","ping_status":"closed","sticky":false,"template":"","format":"standard","meta":{"footnotes":""},"categories":[1],"tags":[],"class_list":["post-1499","post","type-post","status-publish","format-standard","hentry","category-uncategorized"],"_links":{"self":[{"href":"https:\/\/buergerverein-ohmstede.de\/index.php?rest_route=\/wp\/v2\/posts\/1499","targetHints":{"allow":["GET"]}}],"collection":[{"href":"https:\/\/buergerverein-ohmstede.de\/index.php?rest_route=\/wp\/v2\/posts"}],"about":[{"href":"https:\/\/buergerverein-ohmstede.de\/index.php?rest_route=\/wp\/v2\/types\/post"}],"author":[{"embeddable":true,"href":"https:\/\/buergerverein-ohmstede.de\/index.php?rest_route=\/wp\/v2\/users\/3"}],"replies":[{"embeddable":true,"href":"https:\/\/buergerverein-ohmstede.de\/index.php?rest_route=%2Fwp%2Fv2%2Fcomments&post=1499"}],"version-history":[{"count":3,"href":"https:\/\/buergerverein-ohmstede.de\/index.php?rest_route=\/wp\/v2\/posts\/1499\/revisions"}],"predecessor-version":[{"id":1504,"href":"https:\/\/buergerverein-ohmstede.de\/index.php?rest_route=\/wp\/v2\/posts\/1499\/revisions\/1504"}],"wp:attachment":[{"href":"https:\/\/buergerverein-ohmstede.de\/index.php?rest_route=%2Fwp%2Fv2%2Fmedia&parent=1499"}],"wp:term":[{"taxonomy":"category","embeddable":true,"href":"https:\/\/buergerverein-ohmstede.de\/index.php?rest_route=%2Fwp%2Fv2%2Fcategories&post=1499"},{"taxonomy":"post_tag","embeddable":true,"href":"https:\/\/buergerverein-ohmstede.de\/index.php?rest_route=%2Fwp%2Fv2%2Ftags&post=1499"}],"curies":[{"name":"wp","href":"https:\/\/api.w.org\/{rel}","templated":true}]}}