{"id":1489,"date":"2023-03-01T17:08:58","date_gmt":"2023-03-01T16:08:58","guid":{"rendered":"https:\/\/buergerverein-ohmstede.de\/?p=1489"},"modified":"2023-02-26T17:25:29","modified_gmt":"2023-02-26T16:25:29","slug":"hauptversammlung-2023-2","status":"publish","type":"post","link":"https:\/\/buergerverein-ohmstede.de\/?p=1489","title":{"rendered":"Hauptversammlung 2023"},"content":{"rendered":"\n<p>Nochmal erinnern m\u00f6chten wir an unsere Jahreshauptversammlung, die am 22. M\u00e4rz im Kulturzentrum Rennplatz, Kurlandallee 4 stattfinden wird. Die ordnungsgem\u00e4\u00dfe Einladung samt Tagesordnung war in der letzten OMZ zu lesen. Ansonsten findet Ihr diese Info sowie das Protokoll aus 2022 auch auf unserer Homepage <a href=\"http:\/\/www.buergerverein-ohmstede.de\/\"><u>www.buergerverein-ohmstede.de<\/u><\/a><\/p>\n","protected":false},"excerpt":{"rendered":"<p>Nochmal erinnern m\u00f6chten wir an unsere Jahreshauptversammlung, die am 22. M\u00e4rz im Kulturzentrum Rennplatz, Kurlandallee 4 stattfinden wird. Die ordnungsgem\u00e4\u00dfe Einladung samt Tagesordnung war in der letzten OMZ zu lesen. Ansonsten findet Ihr diese Info sowie das Protokoll aus 2022 auch auf unserer Homepage www.buergerverein-ohmstede.de<\/p>\n","protected":false},"author":3,"featured_media":0,"comment_status":"closed","ping_status":"closed","sticky":false,"template":"","format":"standard","meta":{"footnotes":""},"categories":[1],"tags":[],"class_list":["post-1489","post","type-post","status-publish","format-standard","hentry","category-uncategorized"],"_links":{"self":[{"href":"https:\/\/buergerverein-ohmstede.de\/index.php?rest_route=\/wp\/v2\/posts\/1489","targetHints":{"allow":["GET"]}}],"collection":[{"href":"https:\/\/buergerverein-ohmstede.de\/index.php?rest_route=\/wp\/v2\/posts"}],"about":[{"href":"https:\/\/buergerverein-ohmstede.de\/index.php?rest_route=\/wp\/v2\/types\/post"}],"author":[{"embeddable":true,"href":"https:\/\/buergerverein-ohmstede.de\/index.php?rest_route=\/wp\/v2\/users\/3"}],"replies":[{"embeddable":true,"href":"https:\/\/buergerverein-ohmstede.de\/index.php?rest_route=%2Fwp%2Fv2%2Fcomments&post=1489"}],"version-history":[{"count":1,"href":"https:\/\/buergerverein-ohmstede.de\/index.php?rest_route=\/wp\/v2\/posts\/1489\/revisions"}],"predecessor-version":[{"id":1490,"href":"https:\/\/buergerverein-ohmstede.de\/index.php?rest_route=\/wp\/v2\/posts\/1489\/revisions\/1490"}],"wp:attachment":[{"href":"https:\/\/buergerverein-ohmstede.de\/index.php?rest_route=%2Fwp%2Fv2%2Fmedia&parent=1489"}],"wp:term":[{"taxonomy":"category","embeddable":true,"href":"https:\/\/buergerverein-ohmstede.de\/index.php?rest_route=%2Fwp%2Fv2%2Fcategories&post=1489"},{"taxonomy":"post_tag","embeddable":true,"href":"https:\/\/buergerverein-ohmstede.de\/index.php?rest_route=%2Fwp%2Fv2%2Ftags&post=1489"}],"curies":[{"name":"wp","href":"https:\/\/api.w.org\/{rel}","templated":true}]}}