{"id":1464,"date":"2023-02-01T13:36:07","date_gmt":"2023-02-01T12:36:07","guid":{"rendered":"https:\/\/buergerverein-ohmstede.de\/?p=1464"},"modified":"2023-02-27T13:19:12","modified_gmt":"2023-02-27T12:19:12","slug":"hauptversammlung-2023","status":"publish","type":"post","link":"https:\/\/buergerverein-ohmstede.de\/?p=1464","title":{"rendered":"Hauptversammlung 2023"},"content":{"rendered":"\n<p>Nachdem uns das Coronavirus weitgehend in Ruhe l\u00e4sst, kehrt auch beim B\u00fcrgerverein Ohmstede vollst\u00e4ndig wieder die Normalit\u00e4t ein, indem auch die allj\u00e4hrliche Hauptversammlung wieder wie vorgesehen im ersten Quartal stattfinden wird. Dieses Jahr ist daf\u00fcr der 22. M\u00e4rz ausgesucht und wir wollen uns im Kulturzentrum Rennplatz, Kurlandallee 4, treffen. Beginn ist, wie \u00fcblich, um 20 Uhr. Auf dem Programm steht diesmal neben den turnusm\u00e4\u00dfigen Neuwahlen von Vorstand und Beirat ein Vortrag von Andreas Kau\u00df, Vorsitzender des Bornhorster Fischereivereins, \u00fcber die vielf\u00e4ltigen Aufgaben des Fischereivereins. Folgende Tagesordnung ist vorgesehen:<\/p>\n\n\n\n<ol class=\"wp-block-list\">\n<li>Begr\u00fc\u00dfung und Feststellung der Beschlussf\u00e4higkeit<\/li>\n\n\n\n<li>Genehmigung der Tagesordnung und des Protokolls der letzten Hauptversammlung<\/li>\n\n\n\n<li>Vortrag von Andreas Kau\u00df, Vorsitzender des Bornhorster Fischereivereins: \u201e Der Bornhorster Fischereiverein \u2013 Angeln war gestern\u201c<\/li>\n\n\n\n<li>Bericht des Vorstands<\/li>\n\n\n\n<li>Bericht des Kassenwarts<\/li>\n\n\n\n<li>Bericht der Kassenpr\u00fcfer<\/li>\n\n\n\n<li>Entlastung des Vorstands<\/li>\n\n\n\n<li>Neuwahl des Vorstands<\/li>\n\n\n\n<li>Neuwahl des Beirats<\/li>\n\n\n\n<li>Neuwahl eines Kassenpr\u00fcfers<\/li>\n\n\n\n<li>Verschiedenes<\/li>\n<\/ol>\n\n\n\n<p><em>Der Vorstand<\/em><\/p>\n","protected":false},"excerpt":{"rendered":"<p>Nachdem uns das Coronavirus weitgehend in Ruhe l\u00e4sst, kehrt auch beim B\u00fcrgerverein Ohmstede vollst\u00e4ndig wieder die Normalit\u00e4t ein, indem auch die allj\u00e4hrliche Hauptversammlung wieder wie vorgesehen im ersten Quartal stattfinden wird. Dieses Jahr ist daf\u00fcr der 22. M\u00e4rz ausgesucht und wir wollen uns im Kulturzentrum Rennplatz, Kurlandallee 4, treffen. Beginn ist, wie \u00fcblich, um 20 [&hellip;]<\/p>\n","protected":false},"author":3,"featured_media":0,"comment_status":"closed","ping_status":"closed","sticky":false,"template":"","format":"standard","meta":{"footnotes":""},"categories":[1],"tags":[],"class_list":["post-1464","post","type-post","status-publish","format-standard","hentry","category-uncategorized"],"_links":{"self":[{"href":"https:\/\/buergerverein-ohmstede.de\/index.php?rest_route=\/wp\/v2\/posts\/1464","targetHints":{"allow":["GET"]}}],"collection":[{"href":"https:\/\/buergerverein-ohmstede.de\/index.php?rest_route=\/wp\/v2\/posts"}],"about":[{"href":"https:\/\/buergerverein-ohmstede.de\/index.php?rest_route=\/wp\/v2\/types\/post"}],"author":[{"embeddable":true,"href":"https:\/\/buergerverein-ohmstede.de\/index.php?rest_route=\/wp\/v2\/users\/3"}],"replies":[{"embeddable":true,"href":"https:\/\/buergerverein-ohmstede.de\/index.php?rest_route=%2Fwp%2Fv2%2Fcomments&post=1464"}],"version-history":[{"count":3,"href":"https:\/\/buergerverein-ohmstede.de\/index.php?rest_route=\/wp\/v2\/posts\/1464\/revisions"}],"predecessor-version":[{"id":1522,"href":"https:\/\/buergerverein-ohmstede.de\/index.php?rest_route=\/wp\/v2\/posts\/1464\/revisions\/1522"}],"wp:attachment":[{"href":"https:\/\/buergerverein-ohmstede.de\/index.php?rest_route=%2Fwp%2Fv2%2Fmedia&parent=1464"}],"wp:term":[{"taxonomy":"category","embeddable":true,"href":"https:\/\/buergerverein-ohmstede.de\/index.php?rest_route=%2Fwp%2Fv2%2Fcategories&post=1464"},{"taxonomy":"post_tag","embeddable":true,"href":"https:\/\/buergerverein-ohmstede.de\/index.php?rest_route=%2Fwp%2Fv2%2Ftags&post=1464"}],"curies":[{"name":"wp","href":"https:\/\/api.w.org\/{rel}","templated":true}]}}