{"id":1378,"date":"2022-12-01T10:14:55","date_gmt":"2022-12-01T09:14:55","guid":{"rendered":"https:\/\/buergerverein-ohmstede.de\/?p=1378"},"modified":"2022-12-01T10:28:53","modified_gmt":"2022-12-01T09:28:53","slug":"volkstrauertag-2022-2","status":"publish","type":"post","link":"https:\/\/buergerverein-ohmstede.de\/?p=1378","title":{"rendered":"Volkstrauertag 2022"},"content":{"rendered":"\n<p>Ganz im Zeichen des Ukrainekrieges stand der diesj\u00e4hrige Volkstrauertag in Ohmstede am 13. November. Er begann traditionell mit einem Gottesdienst in der ev.-luth. Kirche. Pastor Christoph Fasse stellte in seiner Predigt die ber\u00fchmte Frage nach der Theodizee: \u201eWie kann Gott das zulassen?\u201c. Er wies dabei auf das Mitleiden Gottes hin und auf seinen Beistand in der Not der Menschen. Anschlie\u00dfend legten die anwesenden Gemeindemitglieder zun\u00e4chst am Ehrenmal an der Butjadinger Stra\u00dfe den Kranz der Ohmsteder Ortsvereine nieder. In seinem Totengedenken erinnerte dabei der Vorsitzende des B\u00fcrgervereins Ohmstede, Rainer Bartelt, unter anderem daran, dass auch in anderen Regionen der Welt Kriege herrschen und Menschen ihnen zum Opfer fallen. Zum Schluss wurde am Mahnmal auf dem Friedhof Ohmstede ein Kranz der Kirchengemeinde niedergelegt und der toten Kriegsgefangenen sowie der Opfer der Gewaltherrschaft gedacht.<\/p>\n\n\n\n<figure class=\"wp-block-image size-large is-resized\"><a href=\"https:\/\/buergerverein-ohmstede.de\/wp-content\/uploads\/2022\/12\/BV-Ohmstede-Volkstrauertag-1-scaled.jpg\"><img loading=\"lazy\" decoding=\"async\" src=\"https:\/\/buergerverein-ohmstede.de\/wp-content\/uploads\/2022\/12\/BV-Ohmstede-Volkstrauertag-1-1024x471.jpg\" alt=\"\" class=\"wp-image-1374\" width=\"577\" height=\"265\" srcset=\"https:\/\/buergerverein-ohmstede.de\/wp-content\/uploads\/2022\/12\/BV-Ohmstede-Volkstrauertag-1-1024x471.jpg 1024w, https:\/\/buergerverein-ohmstede.de\/wp-content\/uploads\/2022\/12\/BV-Ohmstede-Volkstrauertag-1-300x138.jpg 300w, https:\/\/buergerverein-ohmstede.de\/wp-content\/uploads\/2022\/12\/BV-Ohmstede-Volkstrauertag-1-768x353.jpg 768w, https:\/\/buergerverein-ohmstede.de\/wp-content\/uploads\/2022\/12\/BV-Ohmstede-Volkstrauertag-1-1536x706.jpg 1536w, https:\/\/buergerverein-ohmstede.de\/wp-content\/uploads\/2022\/12\/BV-Ohmstede-Volkstrauertag-1-2048x941.jpg 2048w\" sizes=\"auto, (max-width: 577px) 100vw, 577px\" \/><\/a><figcaption class=\"wp-element-caption\">Auf diesem Teil des Friedhofes liegen mind. 324 Kriegstote, vornehmlich aus Osteuropa, die w\u00e4hrend des 2. Weltkrieges als Kriegsgefangene auf dem ehemaligen Rennplatz leben mussten und hier starben. Am Volkstrauertag wird ihrer gedacht.<\/figcaption><\/figure>\n\n\n\n<p><\/p>\n","protected":false},"excerpt":{"rendered":"<p>Ganz im Zeichen des Ukrainekrieges stand der diesj\u00e4hrige Volkstrauertag in Ohmstede am 13. November. Er begann traditionell mit einem Gottesdienst in der ev.-luth. Kirche. Pastor Christoph Fasse stellte in seiner Predigt die ber\u00fchmte Frage nach der Theodizee: \u201eWie kann Gott das zulassen?\u201c. Er wies dabei auf das Mitleiden Gottes hin und auf seinen Beistand in [&hellip;]<\/p>\n","protected":false},"author":3,"featured_media":0,"comment_status":"closed","ping_status":"closed","sticky":false,"template":"","format":"standard","meta":{"footnotes":""},"categories":[1],"tags":[],"class_list":["post-1378","post","type-post","status-publish","format-standard","hentry","category-uncategorized"],"_links":{"self":[{"href":"https:\/\/buergerverein-ohmstede.de\/index.php?rest_route=\/wp\/v2\/posts\/1378","targetHints":{"allow":["GET"]}}],"collection":[{"href":"https:\/\/buergerverein-ohmstede.de\/index.php?rest_route=\/wp\/v2\/posts"}],"about":[{"href":"https:\/\/buergerverein-ohmstede.de\/index.php?rest_route=\/wp\/v2\/types\/post"}],"author":[{"embeddable":true,"href":"https:\/\/buergerverein-ohmstede.de\/index.php?rest_route=\/wp\/v2\/users\/3"}],"replies":[{"embeddable":true,"href":"https:\/\/buergerverein-ohmstede.de\/index.php?rest_route=%2Fwp%2Fv2%2Fcomments&post=1378"}],"version-history":[{"count":1,"href":"https:\/\/buergerverein-ohmstede.de\/index.php?rest_route=\/wp\/v2\/posts\/1378\/revisions"}],"predecessor-version":[{"id":1379,"href":"https:\/\/buergerverein-ohmstede.de\/index.php?rest_route=\/wp\/v2\/posts\/1378\/revisions\/1379"}],"wp:attachment":[{"href":"https:\/\/buergerverein-ohmstede.de\/index.php?rest_route=%2Fwp%2Fv2%2Fmedia&parent=1378"}],"wp:term":[{"taxonomy":"category","embeddable":true,"href":"https:\/\/buergerverein-ohmstede.de\/index.php?rest_route=%2Fwp%2Fv2%2Fcategories&post=1378"},{"taxonomy":"post_tag","embeddable":true,"href":"https:\/\/buergerverein-ohmstede.de\/index.php?rest_route=%2Fwp%2Fv2%2Ftags&post=1378"}],"curies":[{"name":"wp","href":"https:\/\/api.w.org\/{rel}","templated":true}]}}