{"id":1371,"date":"2022-12-01T09:41:39","date_gmt":"2022-12-01T08:41:39","guid":{"rendered":"https:\/\/buergerverein-ohmstede.de\/?p=1371"},"modified":"2022-12-01T10:36:58","modified_gmt":"2022-12-01T09:36:58","slug":"laternenlauf-in-ohmstede","status":"publish","type":"post","link":"https:\/\/buergerverein-ohmstede.de\/?p=1371","title":{"rendered":"Laternenlauf in Ohmstede"},"content":{"rendered":"\n<p>Un\u00fcbersehbar war der Zug mit kleinen und gro\u00dfen Leuten der sich am Martinstag, den 11. November durch die Ohmsteder Stra\u00dfen w\u00e4lzte. Kirchengemeinde, Kulturzentrum Rennplatz und B\u00fcrgerverein Ohmstede hatten gemeinsam eingeladen und offensichtlich auch erfolgreich Reklame betrieben. Pastorin Heinke konnte auf eine bis auf den letzten Platz besetzte Kirche blicken. Nach dem durch Kinderchor und die Konfirmanden mitgestalteten Gottesdienst ging es dann aber bald schon bei bestem Wetter zum Laternenlauf in die Dunkelheit hinaus. Angef\u00fchrt von Rainer Wiechmann, der mit seinem Akkordeon w\u00e4hrend der ganzen Aktion Laternenlieder anstimmte und zum Mitsingen animierte, f\u00fchrte der Weg unserer jungen Schar einmal durch die Siedlung. Wie erfreulich ist es zu sehen, wieviel Kinder es doch bei uns in Ohmstede gibt! Was f\u00fcr ein Gl\u00fcck ist es auch, dass die Freiwillige Feuerwehr Ohmstede es wieder erm\u00f6glichen konnte, den Zug zu begleiten. Es lie\u00df sich doch nicht vermeiden, dass gr\u00f6\u00dfere Stra\u00dfen gekreuzt werden mussten, und da war es doch sehr hilfreich, wenn motorisierten Verkehrsteilnehmern durch das Blaulicht rechtzeitig deutlich gemacht wurde, dass sie vor\u00fcbergehend warten mussten. An dieser Stelle auch noch einmal ein herzliches Dankesch\u00f6n an die Geduld der Wartenden, die ganz \u00fcberwiegend mit Verst\u00e4ndnis auf die Verz\u00f6gerung reagierten.<\/p>\n\n\n\n<p>Aber&nbsp;das war ja nun noch nicht alles! Die Konfirmanden waren ja flei\u00dfig gewesen und hatten vor Beginn des Gottesdienstes neben der Kirche schon Pavillons aufgebaut. Kirchengemeinde, Kulturzentrum und B\u00fcrgerverein boten den hungrigen G\u00e4sten nach ihrer R\u00fcckkehr nach Wunsch Waffeln, Bratw\u00fcrstchen und Kinderpunsch an. Im Nu bildeten sich lange Schlangen an den St\u00e4nden. Auch das Orgelcaf\u00e9 hatte seine Pforten ge\u00f6ffnet und bereitete Kaffee und Tee zu. Tats\u00e4chlich gingen die letzten G\u00e4ste erst, als alles aufgegessen und ausgetrunken war. Alle Einnahmen aus dieser Veranstaltung kommen \u00fcbrigens der gerade begonnenen Aktion \u201eBrot f\u00fcr die Welt\u201c zugute. Allen Beteiligten an dieser Stelle noch einmal ein herzliches \u201eDankesch\u00f6n\u201c. Viel erfolgreicher kann eine solche Aktion nicht verlaufen!<\/p>\n\n\n\n<figure class=\"wp-block-image size-large is-resized\"><a href=\"https:\/\/buergerverein-ohmstede.de\/wp-content\/uploads\/2022\/12\/BV-Ohmstede-Laternelaufen-1.jpg\"><img loading=\"lazy\" decoding=\"async\" src=\"https:\/\/buergerverein-ohmstede.de\/wp-content\/uploads\/2022\/12\/BV-Ohmstede-Laternelaufen-1-1024x779.jpg\" alt=\"\" class=\"wp-image-1373\" width=\"577\" height=\"438\" srcset=\"https:\/\/buergerverein-ohmstede.de\/wp-content\/uploads\/2022\/12\/BV-Ohmstede-Laternelaufen-1-1024x779.jpg 1024w, https:\/\/buergerverein-ohmstede.de\/wp-content\/uploads\/2022\/12\/BV-Ohmstede-Laternelaufen-1-300x228.jpg 300w, https:\/\/buergerverein-ohmstede.de\/wp-content\/uploads\/2022\/12\/BV-Ohmstede-Laternelaufen-1-768x584.jpg 768w, https:\/\/buergerverein-ohmstede.de\/wp-content\/uploads\/2022\/12\/BV-Ohmstede-Laternelaufen-1-1536x1168.jpg 1536w, https:\/\/buergerverein-ohmstede.de\/wp-content\/uploads\/2022\/12\/BV-Ohmstede-Laternelaufen-1-2048x1558.jpg 2048w\" sizes=\"auto, (max-width: 577px) 100vw, 577px\" \/><\/a><figcaption class=\"wp-element-caption\">Ein wirklich langer Zug von kleinen und gro\u00dfen Laternenl\u00e4ufern war es, der durch Ohmstede zog und anschlie\u00dfend noch vor der Kirche zusammenkam.<\/figcaption><\/figure>\n\n\n\n<p><\/p>\n","protected":false},"excerpt":{"rendered":"<p>Un\u00fcbersehbar war der Zug mit kleinen und gro\u00dfen Leuten der sich am Martinstag, den 11. November durch die Ohmsteder Stra\u00dfen w\u00e4lzte. Kirchengemeinde, Kulturzentrum Rennplatz und B\u00fcrgerverein Ohmstede hatten gemeinsam eingeladen und offensichtlich auch erfolgreich Reklame betrieben. Pastorin Heinke konnte auf eine bis auf den letzten Platz besetzte Kirche blicken. Nach dem durch Kinderchor und die [&hellip;]<\/p>\n","protected":false},"author":3,"featured_media":0,"comment_status":"closed","ping_status":"closed","sticky":false,"template":"","format":"standard","meta":{"footnotes":""},"categories":[1],"tags":[],"class_list":["post-1371","post","type-post","status-publish","format-standard","hentry","category-uncategorized"],"_links":{"self":[{"href":"https:\/\/buergerverein-ohmstede.de\/index.php?rest_route=\/wp\/v2\/posts\/1371","targetHints":{"allow":["GET"]}}],"collection":[{"href":"https:\/\/buergerverein-ohmstede.de\/index.php?rest_route=\/wp\/v2\/posts"}],"about":[{"href":"https:\/\/buergerverein-ohmstede.de\/index.php?rest_route=\/wp\/v2\/types\/post"}],"author":[{"embeddable":true,"href":"https:\/\/buergerverein-ohmstede.de\/index.php?rest_route=\/wp\/v2\/users\/3"}],"replies":[{"embeddable":true,"href":"https:\/\/buergerverein-ohmstede.de\/index.php?rest_route=%2Fwp%2Fv2%2Fcomments&post=1371"}],"version-history":[{"count":4,"href":"https:\/\/buergerverein-ohmstede.de\/index.php?rest_route=\/wp\/v2\/posts\/1371\/revisions"}],"predecessor-version":[{"id":1392,"href":"https:\/\/buergerverein-ohmstede.de\/index.php?rest_route=\/wp\/v2\/posts\/1371\/revisions\/1392"}],"wp:attachment":[{"href":"https:\/\/buergerverein-ohmstede.de\/index.php?rest_route=%2Fwp%2Fv2%2Fmedia&parent=1371"}],"wp:term":[{"taxonomy":"category","embeddable":true,"href":"https:\/\/buergerverein-ohmstede.de\/index.php?rest_route=%2Fwp%2Fv2%2Fcategories&post=1371"},{"taxonomy":"post_tag","embeddable":true,"href":"https:\/\/buergerverein-ohmstede.de\/index.php?rest_route=%2Fwp%2Fv2%2Ftags&post=1371"}],"curies":[{"name":"wp","href":"https:\/\/api.w.org\/{rel}","templated":true}]}}