{"id":1322,"date":"2022-11-01T08:11:19","date_gmt":"2022-11-01T07:11:19","guid":{"rendered":"https:\/\/buergerverein-ohmstede.de\/?p=1322"},"modified":"2022-10-28T14:05:36","modified_gmt":"2022-10-28T12:05:36","slug":"weihnachtsbaum-gesucht","status":"publish","type":"post","link":"https:\/\/buergerverein-ohmstede.de\/?p=1322","title":{"rendered":"Weihnachtsbaum gesucht"},"content":{"rendered":"\n<p>Nach wie vor ist der B\u00fcrgerverein auf der Suche nach einer geeigneten Fichte oder Tanne, der als Weihnachtsbaum in diesem Jahr die Adventszeit vor der Ohmsteder Kirche beschm\u00fccken soll. Der Baum muss nicht zwangsweise aus Ohmstede kommen &#8211; wir kommen aber mit einem eingespielten Team und sorgen f\u00fcr das F\u00e4llen des Baumes und den Transport zur Kirche. Wer also um einen solchen Baum wei\u00df, m\u00f6ge sich bei Hans-Hermann Mohrmann (Tel. 0441\/37752) melden.<\/p>\n\n\n\n<figure class=\"wp-block-image size-large\"><a href=\"https:\/\/buergerverein-ohmstede.de\/wp-content\/uploads\/2022\/10\/BV-Ohmstede-Weihnachtsbaum-2020-scaled.jpg\"><img loading=\"lazy\" decoding=\"async\" width=\"1024\" height=\"577\" src=\"https:\/\/buergerverein-ohmstede.de\/wp-content\/uploads\/2022\/10\/BV-Ohmstede-Weihnachtsbaum-2020-1024x577.jpg\" alt=\"\" class=\"wp-image-1313\" srcset=\"https:\/\/buergerverein-ohmstede.de\/wp-content\/uploads\/2022\/10\/BV-Ohmstede-Weihnachtsbaum-2020-1024x577.jpg 1024w, https:\/\/buergerverein-ohmstede.de\/wp-content\/uploads\/2022\/10\/BV-Ohmstede-Weihnachtsbaum-2020-300x169.jpg 300w, https:\/\/buergerverein-ohmstede.de\/wp-content\/uploads\/2022\/10\/BV-Ohmstede-Weihnachtsbaum-2020-768x433.jpg 768w, https:\/\/buergerverein-ohmstede.de\/wp-content\/uploads\/2022\/10\/BV-Ohmstede-Weihnachtsbaum-2020-1536x866.jpg 1536w, https:\/\/buergerverein-ohmstede.de\/wp-content\/uploads\/2022\/10\/BV-Ohmstede-Weihnachtsbaum-2020-2048x1155.jpg 2048w\" sizes=\"auto, (max-width: 1024px) 100vw, 1024px\" \/><\/a><figcaption>Auch f\u00fcr diese Adventszeit sucht der BV wieder einen tollen Weihnachtsbaum, hier ein Bild vom Aufstellen im Jahr 2020.<\/figcaption><\/figure>\n","protected":false},"excerpt":{"rendered":"<p>Nach wie vor ist der B\u00fcrgerverein auf der Suche nach einer geeigneten Fichte oder Tanne, der als Weihnachtsbaum in diesem Jahr die Adventszeit vor der Ohmsteder Kirche beschm\u00fccken soll. Der Baum muss nicht zwangsweise aus Ohmstede kommen &#8211; wir kommen aber mit einem eingespielten Team und sorgen f\u00fcr das F\u00e4llen des Baumes und den Transport [&hellip;]<\/p>\n","protected":false},"author":3,"featured_media":0,"comment_status":"closed","ping_status":"closed","sticky":false,"template":"","format":"standard","meta":{"footnotes":""},"categories":[1],"tags":[],"class_list":["post-1322","post","type-post","status-publish","format-standard","hentry","category-uncategorized"],"_links":{"self":[{"href":"https:\/\/buergerverein-ohmstede.de\/index.php?rest_route=\/wp\/v2\/posts\/1322","targetHints":{"allow":["GET"]}}],"collection":[{"href":"https:\/\/buergerverein-ohmstede.de\/index.php?rest_route=\/wp\/v2\/posts"}],"about":[{"href":"https:\/\/buergerverein-ohmstede.de\/index.php?rest_route=\/wp\/v2\/types\/post"}],"author":[{"embeddable":true,"href":"https:\/\/buergerverein-ohmstede.de\/index.php?rest_route=\/wp\/v2\/users\/3"}],"replies":[{"embeddable":true,"href":"https:\/\/buergerverein-ohmstede.de\/index.php?rest_route=%2Fwp%2Fv2%2Fcomments&post=1322"}],"version-history":[{"count":1,"href":"https:\/\/buergerverein-ohmstede.de\/index.php?rest_route=\/wp\/v2\/posts\/1322\/revisions"}],"predecessor-version":[{"id":1323,"href":"https:\/\/buergerverein-ohmstede.de\/index.php?rest_route=\/wp\/v2\/posts\/1322\/revisions\/1323"}],"wp:attachment":[{"href":"https:\/\/buergerverein-ohmstede.de\/index.php?rest_route=%2Fwp%2Fv2%2Fmedia&parent=1322"}],"wp:term":[{"taxonomy":"category","embeddable":true,"href":"https:\/\/buergerverein-ohmstede.de\/index.php?rest_route=%2Fwp%2Fv2%2Fcategories&post=1322"},{"taxonomy":"post_tag","embeddable":true,"href":"https:\/\/buergerverein-ohmstede.de\/index.php?rest_route=%2Fwp%2Fv2%2Ftags&post=1322"}],"curies":[{"name":"wp","href":"https:\/\/api.w.org\/{rel}","templated":true}]}}