{"id":1320,"date":"2022-11-01T08:10:24","date_gmt":"2022-11-01T07:10:24","guid":{"rendered":"https:\/\/buergerverein-ohmstede.de\/?p=1320"},"modified":"2022-10-28T14:02:04","modified_gmt":"2022-10-28T12:02:04","slug":"fotokalender-2023-2","status":"publish","type":"post","link":"https:\/\/buergerverein-ohmstede.de\/?p=1320","title":{"rendered":"Fotokalender 2023"},"content":{"rendered":"\n<p><strong>Seit Mitte Oktober ist unser Fotokalender 2023 \u201eMein Lieblingsplatz\u201c fertig und kann entweder \u00fcber den B\u00fcrgerverein bezogen werden oder in folgenden Gesch\u00e4ften in Ohmstede: Blumen L\u00fcschen, M\u00fchlenhofsapotheke, Brillen Schwarz oder im Restaurant Mykonos. Unver\u00e4ndert ist der Preis von 5 Euro geblieben.<\/strong><\/p>\n","protected":false},"excerpt":{"rendered":"<p>Seit Mitte Oktober ist unser Fotokalender 2023 \u201eMein Lieblingsplatz\u201c fertig und kann entweder \u00fcber den B\u00fcrgerverein bezogen werden oder in folgenden Gesch\u00e4ften in Ohmstede: Blumen L\u00fcschen, M\u00fchlenhofsapotheke, Brillen Schwarz oder im Restaurant Mykonos. Unver\u00e4ndert ist der Preis von 5 Euro geblieben.<\/p>\n","protected":false},"author":3,"featured_media":0,"comment_status":"closed","ping_status":"closed","sticky":false,"template":"","format":"standard","meta":{"footnotes":""},"categories":[1],"tags":[],"class_list":["post-1320","post","type-post","status-publish","format-standard","hentry","category-uncategorized"],"_links":{"self":[{"href":"https:\/\/buergerverein-ohmstede.de\/index.php?rest_route=\/wp\/v2\/posts\/1320","targetHints":{"allow":["GET"]}}],"collection":[{"href":"https:\/\/buergerverein-ohmstede.de\/index.php?rest_route=\/wp\/v2\/posts"}],"about":[{"href":"https:\/\/buergerverein-ohmstede.de\/index.php?rest_route=\/wp\/v2\/types\/post"}],"author":[{"embeddable":true,"href":"https:\/\/buergerverein-ohmstede.de\/index.php?rest_route=\/wp\/v2\/users\/3"}],"replies":[{"embeddable":true,"href":"https:\/\/buergerverein-ohmstede.de\/index.php?rest_route=%2Fwp%2Fv2%2Fcomments&post=1320"}],"version-history":[{"count":1,"href":"https:\/\/buergerverein-ohmstede.de\/index.php?rest_route=\/wp\/v2\/posts\/1320\/revisions"}],"predecessor-version":[{"id":1321,"href":"https:\/\/buergerverein-ohmstede.de\/index.php?rest_route=\/wp\/v2\/posts\/1320\/revisions\/1321"}],"wp:attachment":[{"href":"https:\/\/buergerverein-ohmstede.de\/index.php?rest_route=%2Fwp%2Fv2%2Fmedia&parent=1320"}],"wp:term":[{"taxonomy":"category","embeddable":true,"href":"https:\/\/buergerverein-ohmstede.de\/index.php?rest_route=%2Fwp%2Fv2%2Fcategories&post=1320"},{"taxonomy":"post_tag","embeddable":true,"href":"https:\/\/buergerverein-ohmstede.de\/index.php?rest_route=%2Fwp%2Fv2%2Ftags&post=1320"}],"curies":[{"name":"wp","href":"https:\/\/api.w.org\/{rel}","templated":true}]}}