{"id":1318,"date":"2022-11-01T08:00:26","date_gmt":"2022-11-01T07:00:26","guid":{"rendered":"https:\/\/buergerverein-ohmstede.de\/?p=1318"},"modified":"2022-10-28T13:59:39","modified_gmt":"2022-10-28T11:59:39","slug":"ein-apfel-pro-tag-haelt-den-doktor-fern","status":"publish","type":"post","link":"https:\/\/buergerverein-ohmstede.de\/?p=1318","title":{"rendered":"\u201eEin Apfel pro Tag h\u00e4lt den Doktor fern\u201c"},"content":{"rendered":"\n<p>Unter diesem Motto haben Gabriele Ammermann und Dorothee Fresemann Mitglieder vom B\u00fcrgerverein Ohmstede sowie andere Interessierte bei goldenem Herbstwetter in den Obstgarten am Warterender Weg eingeladen.<\/p>\n\n\n\n<p>Der Nachmittag startete mit einem Rundgang durch den naturbelassenen und insektenfreundlichen Apfel-, Quitten-, und Pflaumengarten. W\u00e4hrend des Rundgangs gab es Kostproben von alten Apfelsorten und im Anschluss einen fachkundigen Vortrag zum Apfelessig. Wer wollte, durfte seinen eigenen Apfelessig selbst hergestellen, um die eigene Gesundheit in ein paar Wochen mit dem Heilmittel zu st\u00e4rken. Frau Fresemann und Frau Ammermann haben uns den Nachmittag mit einer selbstgemachten, herzhaften Apfelsuppe, Apfelsalat mit Schwarzbrot, Apfel-Crumble, Apfel-Amarettini Kuchen und weiteren K\u00f6stlichkeiten vers\u00fc\u00dft. Von den Rezepten hat sich jeder schnell Notizen gemacht. In geselliger Runde haben wir zum Abschluss auf den sch\u00f6nen Apfelnachmittag mit Apfelkorn angesto\u00dfen und uns f\u00fcr die vielen Informationen rund um den Apfel mit Applaus bedankt.<\/p>\n\n\n\n<p>Martina H\u00f6pe<\/p>\n\n\n\n<figure class=\"wp-block-image size-full\"><a href=\"https:\/\/buergerverein-ohmstede.de\/wp-content\/uploads\/2022\/10\/BV-Ohmstede-Apfel.jpg\"><img loading=\"lazy\" decoding=\"async\" width=\"768\" height=\"1024\" src=\"https:\/\/buergerverein-ohmstede.de\/wp-content\/uploads\/2022\/10\/BV-Ohmstede-Apfel.jpg\" alt=\"\" class=\"wp-image-1311\" srcset=\"https:\/\/buergerverein-ohmstede.de\/wp-content\/uploads\/2022\/10\/BV-Ohmstede-Apfel.jpg 768w, https:\/\/buergerverein-ohmstede.de\/wp-content\/uploads\/2022\/10\/BV-Ohmstede-Apfel-225x300.jpg 225w\" sizes=\"auto, (max-width: 768px) 100vw, 768px\" \/><\/a><figcaption>Ein toller Nachmittag &#8222;rund um den Apfel&#8220;<\/figcaption><\/figure>\n\n\n\n<p><\/p>\n","protected":false},"excerpt":{"rendered":"<p>Unter diesem Motto haben Gabriele Ammermann und Dorothee Fresemann Mitglieder vom B\u00fcrgerverein Ohmstede sowie andere Interessierte bei goldenem Herbstwetter in den Obstgarten am Warterender Weg eingeladen. Der Nachmittag startete mit einem Rundgang durch den naturbelassenen und insektenfreundlichen Apfel-, Quitten-, und Pflaumengarten. W\u00e4hrend des Rundgangs gab es Kostproben von alten Apfelsorten und im Anschluss einen fachkundigen [&hellip;]<\/p>\n","protected":false},"author":3,"featured_media":0,"comment_status":"closed","ping_status":"closed","sticky":false,"template":"","format":"standard","meta":{"footnotes":""},"categories":[1],"tags":[],"class_list":["post-1318","post","type-post","status-publish","format-standard","hentry","category-uncategorized"],"_links":{"self":[{"href":"https:\/\/buergerverein-ohmstede.de\/index.php?rest_route=\/wp\/v2\/posts\/1318","targetHints":{"allow":["GET"]}}],"collection":[{"href":"https:\/\/buergerverein-ohmstede.de\/index.php?rest_route=\/wp\/v2\/posts"}],"about":[{"href":"https:\/\/buergerverein-ohmstede.de\/index.php?rest_route=\/wp\/v2\/types\/post"}],"author":[{"embeddable":true,"href":"https:\/\/buergerverein-ohmstede.de\/index.php?rest_route=\/wp\/v2\/users\/3"}],"replies":[{"embeddable":true,"href":"https:\/\/buergerverein-ohmstede.de\/index.php?rest_route=%2Fwp%2Fv2%2Fcomments&post=1318"}],"version-history":[{"count":1,"href":"https:\/\/buergerverein-ohmstede.de\/index.php?rest_route=\/wp\/v2\/posts\/1318\/revisions"}],"predecessor-version":[{"id":1319,"href":"https:\/\/buergerverein-ohmstede.de\/index.php?rest_route=\/wp\/v2\/posts\/1318\/revisions\/1319"}],"wp:attachment":[{"href":"https:\/\/buergerverein-ohmstede.de\/index.php?rest_route=%2Fwp%2Fv2%2Fmedia&parent=1318"}],"wp:term":[{"taxonomy":"category","embeddable":true,"href":"https:\/\/buergerverein-ohmstede.de\/index.php?rest_route=%2Fwp%2Fv2%2Fcategories&post=1318"},{"taxonomy":"post_tag","embeddable":true,"href":"https:\/\/buergerverein-ohmstede.de\/index.php?rest_route=%2Fwp%2Fv2%2Ftags&post=1318"}],"curies":[{"name":"wp","href":"https:\/\/api.w.org\/{rel}","templated":true}]}}