{"id":1302,"date":"2022-11-01T08:07:02","date_gmt":"2022-11-01T07:07:02","guid":{"rendered":"https:\/\/buergerverein-ohmstede.de\/?p=1302"},"modified":"2022-10-28T13:53:28","modified_gmt":"2022-10-28T11:53:28","slug":"kramermarktsumzug","status":"publish","type":"post","link":"https:\/\/buergerverein-ohmstede.de\/?p=1302","title":{"rendered":"Kramermarktsumzug"},"content":{"rendered":"\n<p>Ein letztes Foto vor dem Start des Umzugs und zugleich das letzte, bevor ein unb\u00e4ndiger Regen einsetzte, der den Umzug dann bis zur Einbiegung in die Stra\u00dfburger Stra\u00dfe begleitete. Der Stimmung auf dem Gemeinschafts-Wagen der Stadtoldenburger B\u00fcrgervereine tat das allerdings keinen Abbruch. Auf Wiedersehen im n\u00e4chsten Jahr.<\/p>\n\n\n\n<figure class=\"wp-block-image size-large\"><a href=\"https:\/\/buergerverein-ohmstede.de\/wp-content\/uploads\/2022\/10\/BV-Ohmstede-Kramermarktsumzug.jpg\"><img loading=\"lazy\" decoding=\"async\" width=\"1024\" height=\"768\" src=\"https:\/\/buergerverein-ohmstede.de\/wp-content\/uploads\/2022\/10\/BV-Ohmstede-Kramermarktsumzug-1024x768.jpg\" alt=\"\" class=\"wp-image-1312\" srcset=\"https:\/\/buergerverein-ohmstede.de\/wp-content\/uploads\/2022\/10\/BV-Ohmstede-Kramermarktsumzug-1024x768.jpg 1024w, https:\/\/buergerverein-ohmstede.de\/wp-content\/uploads\/2022\/10\/BV-Ohmstede-Kramermarktsumzug-300x225.jpg 300w, https:\/\/buergerverein-ohmstede.de\/wp-content\/uploads\/2022\/10\/BV-Ohmstede-Kramermarktsumzug-768x576.jpg 768w, https:\/\/buergerverein-ohmstede.de\/wp-content\/uploads\/2022\/10\/BV-Ohmstede-Kramermarktsumzug-1536x1152.jpg 1536w, https:\/\/buergerverein-ohmstede.de\/wp-content\/uploads\/2022\/10\/BV-Ohmstede-Kramermarktsumzug-2048x1536.jpg 2048w\" sizes=\"auto, (max-width: 1024px) 100vw, 1024px\" \/><\/a><\/figure>\n","protected":false},"excerpt":{"rendered":"<p>Ein letztes Foto vor dem Start des Umzugs und zugleich das letzte, bevor ein unb\u00e4ndiger Regen einsetzte, der den Umzug dann bis zur Einbiegung in die Stra\u00dfburger Stra\u00dfe begleitete. Der Stimmung auf dem Gemeinschafts-Wagen der Stadtoldenburger B\u00fcrgervereine tat das allerdings keinen Abbruch. Auf Wiedersehen im n\u00e4chsten Jahr.<\/p>\n","protected":false},"author":3,"featured_media":0,"comment_status":"closed","ping_status":"closed","sticky":false,"template":"","format":"standard","meta":{"footnotes":""},"categories":[1],"tags":[],"class_list":["post-1302","post","type-post","status-publish","format-standard","hentry","category-uncategorized"],"_links":{"self":[{"href":"https:\/\/buergerverein-ohmstede.de\/index.php?rest_route=\/wp\/v2\/posts\/1302","targetHints":{"allow":["GET"]}}],"collection":[{"href":"https:\/\/buergerverein-ohmstede.de\/index.php?rest_route=\/wp\/v2\/posts"}],"about":[{"href":"https:\/\/buergerverein-ohmstede.de\/index.php?rest_route=\/wp\/v2\/types\/post"}],"author":[{"embeddable":true,"href":"https:\/\/buergerverein-ohmstede.de\/index.php?rest_route=\/wp\/v2\/users\/3"}],"replies":[{"embeddable":true,"href":"https:\/\/buergerverein-ohmstede.de\/index.php?rest_route=%2Fwp%2Fv2%2Fcomments&post=1302"}],"version-history":[{"count":7,"href":"https:\/\/buergerverein-ohmstede.de\/index.php?rest_route=\/wp\/v2\/posts\/1302\/revisions"}],"predecessor-version":[{"id":1317,"href":"https:\/\/buergerverein-ohmstede.de\/index.php?rest_route=\/wp\/v2\/posts\/1302\/revisions\/1317"}],"wp:attachment":[{"href":"https:\/\/buergerverein-ohmstede.de\/index.php?rest_route=%2Fwp%2Fv2%2Fmedia&parent=1302"}],"wp:term":[{"taxonomy":"category","embeddable":true,"href":"https:\/\/buergerverein-ohmstede.de\/index.php?rest_route=%2Fwp%2Fv2%2Fcategories&post=1302"},{"taxonomy":"post_tag","embeddable":true,"href":"https:\/\/buergerverein-ohmstede.de\/index.php?rest_route=%2Fwp%2Fv2%2Ftags&post=1302"}],"curies":[{"name":"wp","href":"https:\/\/api.w.org\/{rel}","templated":true}]}}