{"id":1273,"date":"2022-10-06T11:55:16","date_gmt":"2022-10-06T09:55:16","guid":{"rendered":"https:\/\/buergerverein-ohmstede.de\/?p=1273"},"modified":"2022-10-06T11:55:16","modified_gmt":"2022-10-06T09:55:16","slug":"einhundert-jahre-ohmster-plattduetsche-vereen","status":"publish","type":"post","link":"https:\/\/buergerverein-ohmstede.de\/?p=1273","title":{"rendered":"Einhundert Jahre Ohmster Plattd\u00fctsche Vereen"},"content":{"rendered":"\n<p>Gut gef\u00fcllt und festlich geschm\u00fcckt war der Saal des Etzhorner Krugs am 18.September. Der Ohmster Plattd\u00fctsche Vereen hatte eingeladen zur Feier seines hundertsten Geburtstages. Karl Mollner, Vorsitzender und Marco H\u00f6pke, Schriftf\u00fchrer des Vereins, konnten ca. 120 Mitglieder und Ehreng\u00e4ste begr\u00fc\u00dfen. Unter den Akkordeonkl\u00e4ngen der Moorriemer Quetschkommoden tauschten die Anwesenden bei Kaffee und Kuchen zun\u00e4chst Erinnerungen \u00fcber vergangene Auff\u00fchrungen der Theatergruppe, der Tanzabteilung und andere Aktivit\u00e4ten des Vereins aus, bevor in einigen Gru\u00dfworten das eindrucksvolle Jubil\u00e4um des Vereins gew\u00fcrdigt wurde. Rainer Bartelt, Vorsitzender des B\u00fcrgervereins Ohmstede, \u00fcberreichte bei dieser Gelegenheit im Namen aller Ohmsteder Ortsvereine Karl Mollner einen Umschlag mit Inhalt \u201ezur weiteren Verwendung\u201c. Die Mitglieder der Theatergruppe des Vereins hatten f\u00fcr diesen Tag mehrere Sketche einstudiert, die f\u00fcr gro\u00dfe Erheiterung unter den Anwesenden sorgten. Abschlie\u00dfend bot die Tanzgruppe des Vereins einige T\u00e4nze dar, wobei die Trachten der Darstellerinnen und Darsteller zu einem bunten und abwechslungsreichen Bild beitrugen. Diese gelungene und w\u00fcrdige Feier wird Mitgliedern und G\u00e4sten noch lange in Erinnerung bleiben.<\/p>\n","protected":false},"excerpt":{"rendered":"<p>Gut gef\u00fcllt und festlich geschm\u00fcckt war der Saal des Etzhorner Krugs am 18.September. Der Ohmster Plattd\u00fctsche Vereen hatte eingeladen zur Feier seines hundertsten Geburtstages. Karl Mollner, Vorsitzender und Marco H\u00f6pke, Schriftf\u00fchrer des Vereins, konnten ca. 120 Mitglieder und Ehreng\u00e4ste begr\u00fc\u00dfen. Unter den Akkordeonkl\u00e4ngen der Moorriemer Quetschkommoden tauschten die Anwesenden bei Kaffee und Kuchen zun\u00e4chst Erinnerungen [&hellip;]<\/p>\n","protected":false},"author":3,"featured_media":0,"comment_status":"closed","ping_status":"closed","sticky":false,"template":"","format":"standard","meta":{"footnotes":""},"categories":[1],"tags":[],"class_list":["post-1273","post","type-post","status-publish","format-standard","hentry","category-uncategorized"],"_links":{"self":[{"href":"https:\/\/buergerverein-ohmstede.de\/index.php?rest_route=\/wp\/v2\/posts\/1273","targetHints":{"allow":["GET"]}}],"collection":[{"href":"https:\/\/buergerverein-ohmstede.de\/index.php?rest_route=\/wp\/v2\/posts"}],"about":[{"href":"https:\/\/buergerverein-ohmstede.de\/index.php?rest_route=\/wp\/v2\/types\/post"}],"author":[{"embeddable":true,"href":"https:\/\/buergerverein-ohmstede.de\/index.php?rest_route=\/wp\/v2\/users\/3"}],"replies":[{"embeddable":true,"href":"https:\/\/buergerverein-ohmstede.de\/index.php?rest_route=%2Fwp%2Fv2%2Fcomments&post=1273"}],"version-history":[{"count":1,"href":"https:\/\/buergerverein-ohmstede.de\/index.php?rest_route=\/wp\/v2\/posts\/1273\/revisions"}],"predecessor-version":[{"id":1274,"href":"https:\/\/buergerverein-ohmstede.de\/index.php?rest_route=\/wp\/v2\/posts\/1273\/revisions\/1274"}],"wp:attachment":[{"href":"https:\/\/buergerverein-ohmstede.de\/index.php?rest_route=%2Fwp%2Fv2%2Fmedia&parent=1273"}],"wp:term":[{"taxonomy":"category","embeddable":true,"href":"https:\/\/buergerverein-ohmstede.de\/index.php?rest_route=%2Fwp%2Fv2%2Fcategories&post=1273"},{"taxonomy":"post_tag","embeddable":true,"href":"https:\/\/buergerverein-ohmstede.de\/index.php?rest_route=%2Fwp%2Fv2%2Ftags&post=1273"}],"curies":[{"name":"wp","href":"https:\/\/api.w.org\/{rel}","templated":true}]}}