{"id":1265,"date":"2022-10-06T11:52:00","date_gmt":"2022-10-06T09:52:00","guid":{"rendered":"https:\/\/buergerverein-ohmstede.de\/?p=1265"},"modified":"2022-10-06T11:52:00","modified_gmt":"2022-10-06T09:52:00","slug":"besuch-bei-cewe","status":"publish","type":"post","link":"https:\/\/buergerverein-ohmstede.de\/?p=1265","title":{"rendered":"Besuch bei CEWE"},"content":{"rendered":"\n<p>Der B\u00fcrgervereins Ohmstede besuchte am 6. September den Fotodienstleister CEWE in Kreyenbr\u00fcck. Bei einer Besichtigung des Betriebes im Meerweg wurden die Gruppe und ihre G\u00e4ste vom Gesch\u00e4ftsf\u00fchrer, Andreas Kluge, begr\u00fc\u00dft. Er stellte das Unternehmen vor und beschrieb, wie der Firmengr\u00fcnder Carl W\u00f6ltje Anfang der 20. Jahrhunderts ein kleines Fotolabor besa\u00df und damit den Grundstein zu einem heute deutschlandweit f\u00fchrenden Unternehmen in der Fotobranche legte. Insbesondere der rechtzeitige und vorausschauende Wechsel zur Digitalfotografie habe dieses Wachstum Anfang dieses Jahrhunderts beschleunigt. Der anschlie\u00dfende Rundgang durch die Produktionshallen erm\u00f6glichte einen umfangreichen Einblick in die verschiedensten Produkte und ihrer Herstellungswege, angefangen vom individuell gestalteten Fotobuch bis hin zur Gro\u00dfleinwand. Ein gut informierter Mitarbeiter gab geduldig Antwort auf die vielf\u00e4ltigen Fragen, die sich im Lauf der 90-min\u00fctigen F\u00fchrung ergaben. Am Ende war die einhellige Meinung der Teilnehmerinnen und Teilnehmer, dass es sich gelohnt hat, diese Betriebsbesichtigung zu unternehmen.<\/p>\n\n\n\n<figure class=\"wp-block-image size-full\"><a href=\"https:\/\/buergerverein-ohmstede.de\/wp-content\/uploads\/2022\/10\/BV-Ohmstede-CEWE.jpg\"><img loading=\"lazy\" decoding=\"async\" width=\"640\" height=\"480\" src=\"https:\/\/buergerverein-ohmstede.de\/wp-content\/uploads\/2022\/10\/BV-Ohmstede-CEWE.jpg\" alt=\"\" class=\"wp-image-1268\" srcset=\"https:\/\/buergerverein-ohmstede.de\/wp-content\/uploads\/2022\/10\/BV-Ohmstede-CEWE.jpg 640w, https:\/\/buergerverein-ohmstede.de\/wp-content\/uploads\/2022\/10\/BV-Ohmstede-CEWE-300x225.jpg 300w\" sizes=\"auto, (max-width: 640px) 100vw, 640px\" \/><\/a><\/figure>\n\n\n\n<p>Bei CEWE dreht sich alles um Bilder. Abschlussfoto aller Teilnehmer dieser interessanten Betriebsbesichtigung.<\/p>\n","protected":false},"excerpt":{"rendered":"<p>Der B\u00fcrgervereins Ohmstede besuchte am 6. September den Fotodienstleister CEWE in Kreyenbr\u00fcck. Bei einer Besichtigung des Betriebes im Meerweg wurden die Gruppe und ihre G\u00e4ste vom Gesch\u00e4ftsf\u00fchrer, Andreas Kluge, begr\u00fc\u00dft. Er stellte das Unternehmen vor und beschrieb, wie der Firmengr\u00fcnder Carl W\u00f6ltje Anfang der 20. Jahrhunderts ein kleines Fotolabor besa\u00df und damit den Grundstein zu [&hellip;]<\/p>\n","protected":false},"author":3,"featured_media":0,"comment_status":"closed","ping_status":"closed","sticky":false,"template":"","format":"standard","meta":{"footnotes":""},"categories":[1],"tags":[],"class_list":["post-1265","post","type-post","status-publish","format-standard","hentry","category-uncategorized"],"_links":{"self":[{"href":"https:\/\/buergerverein-ohmstede.de\/index.php?rest_route=\/wp\/v2\/posts\/1265","targetHints":{"allow":["GET"]}}],"collection":[{"href":"https:\/\/buergerverein-ohmstede.de\/index.php?rest_route=\/wp\/v2\/posts"}],"about":[{"href":"https:\/\/buergerverein-ohmstede.de\/index.php?rest_route=\/wp\/v2\/types\/post"}],"author":[{"embeddable":true,"href":"https:\/\/buergerverein-ohmstede.de\/index.php?rest_route=\/wp\/v2\/users\/3"}],"replies":[{"embeddable":true,"href":"https:\/\/buergerverein-ohmstede.de\/index.php?rest_route=%2Fwp%2Fv2%2Fcomments&post=1265"}],"version-history":[{"count":2,"href":"https:\/\/buergerverein-ohmstede.de\/index.php?rest_route=\/wp\/v2\/posts\/1265\/revisions"}],"predecessor-version":[{"id":1269,"href":"https:\/\/buergerverein-ohmstede.de\/index.php?rest_route=\/wp\/v2\/posts\/1265\/revisions\/1269"}],"wp:attachment":[{"href":"https:\/\/buergerverein-ohmstede.de\/index.php?rest_route=%2Fwp%2Fv2%2Fmedia&parent=1265"}],"wp:term":[{"taxonomy":"category","embeddable":true,"href":"https:\/\/buergerverein-ohmstede.de\/index.php?rest_route=%2Fwp%2Fv2%2Fcategories&post=1265"},{"taxonomy":"post_tag","embeddable":true,"href":"https:\/\/buergerverein-ohmstede.de\/index.php?rest_route=%2Fwp%2Fv2%2Ftags&post=1265"}],"curies":[{"name":"wp","href":"https:\/\/api.w.org\/{rel}","templated":true}]}}