{"id":1258,"date":"2022-10-06T09:59:05","date_gmt":"2022-10-06T07:59:05","guid":{"rendered":"https:\/\/buergerverein-ohmstede.de\/?p=1258"},"modified":"2022-10-06T10:01:04","modified_gmt":"2022-10-06T08:01:04","slug":"jahreshauptversammlung-2022","status":"publish","type":"post","link":"https:\/\/buergerverein-ohmstede.de\/?p=1258","title":{"rendered":"Jahreshauptversammlung 2022"},"content":{"rendered":"\n<p>Am Abend des 14. Septembers fand unsere diesj\u00e4hrige Jahreshauptversammlung statt, zu der der Vorstand ca. 40 Mitglieder und G\u00e4ste in den R\u00e4umen des Kulturzentrums Ohmstede begr\u00fc\u00dfen durfte. Die Tagesordnung sah keine Wahlen in diesem Jahr vor, wohl aber einen Gastvortrag zum Thema \u201eKlimaschutz in Oldenburg &#8211; klimaneutral bis 2035\u201c, den Dr. Norbert Korallus und Peter Zenner &#8211; beide vom 2021 neu geschaffenen Amt f\u00fcr Klimaschutz und Mobilit\u00e4t der Stadt Oldenburg \u2013 f\u00fcr uns hielten. Anhand einer Pr\u00e4sentation (Vergleich verschiedener Klimadaten der letzten 30 Jahre mit der zu erwartenden Tendenz in ca. 50 Jahren) bekamen wir die enorme Dringlichkeit des Themas dargestellt. Die Stadt Oldenburg hat sich selbst das enorm ehrgeizige Ziel ausgesprochen, bis 2035 klimaneutral zu agieren und will in Vorbildfunktion dabei auf eine ganze Reihe von Ma\u00dfnahmen zur\u00fcckgreifen, welche die Bereiche W\u00e4rme, Energie aber auch Mobilit\u00e4t und Verkehr betreffen. Als Beispiel seien hier nur einige Stichpunkte aus dem Vortrag genannt: Photovoltaik, Windenergie, \u00dcberpr\u00fcfung des Geb\u00e4udebestandes, F\u00f6rderung von klimasch\u00fctzenden Ma\u00dfnahmen von Privat, Stadtplanung, Parkraum- und Verkehrsmanagement, Fu\u00df- und Radverkehr, \u00d6PVN, Landnutzung, -nutzungs\u00e4nderung und Land- sowie Forstwirtschaft. Viele solcher Ma\u00dfnahmen bergen sicher Anlass zu grosser Diskussion, zumal die Auswirkungen uns alle betreffen werden. Das es nach dem Vortrag zu eben einer solchen Diskussion nicht kommt, liegt wahrscheinlich an der enormen Komplexit\u00e4t dieses Themas. Rainer Bartelt bedankte sich zum Abschluss bei beiden Vortragenden im Namen des Vereins mit einem Buchgeschenk, jedoch nicht ohne noch einige konstruktive Fragen und Anregungen aus B\u00fcrgersicht mit auf den Weg zu geben.<\/p>\n\n\n\n<p>Im weiteren Verlauf berichtete er aus den Vereinsaktivit\u00e4ten des zur\u00fcckliegenden Jahres, das vornehmlich im letzten Halbjahr wieder einiges an Veranstaltungen m\u00f6glich machte. Nach dem Bericht des Kassenwartes Helmut Diers und dem Kontrollbericht durch die zwei Kassenpr\u00fcfer konnte einstimmig Entlastung gegeben werden, selbiges bekam der Vorstand von allen Anwesenden f\u00fcr seine Arbeit.<\/p>\n\n\n\n<figure class=\"wp-block-image size-full\"><a href=\"https:\/\/buergerverein-ohmstede.de\/wp-content\/uploads\/2022\/10\/BV-Ohmstede-JHV-2022.jpg\"><img loading=\"lazy\" decoding=\"async\" width=\"800\" height=\"378\" src=\"https:\/\/buergerverein-ohmstede.de\/wp-content\/uploads\/2022\/10\/BV-Ohmstede-JHV-2022.jpg\" alt=\"\" class=\"wp-image-1262\" srcset=\"https:\/\/buergerverein-ohmstede.de\/wp-content\/uploads\/2022\/10\/BV-Ohmstede-JHV-2022.jpg 800w, https:\/\/buergerverein-ohmstede.de\/wp-content\/uploads\/2022\/10\/BV-Ohmstede-JHV-2022-300x142.jpg 300w, https:\/\/buergerverein-ohmstede.de\/wp-content\/uploads\/2022\/10\/BV-Ohmstede-JHV-2022-768x363.jpg 768w\" sizes=\"auto, (max-width: 800px) 100vw, 800px\" \/><\/a><\/figure>\n\n\n\n<p><\/p>\n\n\n\n<p>Die Jahreshauptversammlung des BV fand in den R\u00e4umen des Kulturzentrums Rennplatz statt.<\/p>\n\n\n\n<p><\/p>\n","protected":false},"excerpt":{"rendered":"<p>Am Abend des 14. Septembers fand unsere diesj\u00e4hrige Jahreshauptversammlung statt, zu der der Vorstand ca. 40 Mitglieder und G\u00e4ste in den R\u00e4umen des Kulturzentrums Ohmstede begr\u00fc\u00dfen durfte. Die Tagesordnung sah keine Wahlen in diesem Jahr vor, wohl aber einen Gastvortrag zum Thema \u201eKlimaschutz in Oldenburg &#8211; klimaneutral bis 2035\u201c, den Dr. Norbert Korallus und Peter [&hellip;]<\/p>\n","protected":false},"author":3,"featured_media":0,"comment_status":"closed","ping_status":"closed","sticky":false,"template":"","format":"standard","meta":{"footnotes":""},"categories":[1],"tags":[],"class_list":["post-1258","post","type-post","status-publish","format-standard","hentry","category-uncategorized"],"_links":{"self":[{"href":"https:\/\/buergerverein-ohmstede.de\/index.php?rest_route=\/wp\/v2\/posts\/1258","targetHints":{"allow":["GET"]}}],"collection":[{"href":"https:\/\/buergerverein-ohmstede.de\/index.php?rest_route=\/wp\/v2\/posts"}],"about":[{"href":"https:\/\/buergerverein-ohmstede.de\/index.php?rest_route=\/wp\/v2\/types\/post"}],"author":[{"embeddable":true,"href":"https:\/\/buergerverein-ohmstede.de\/index.php?rest_route=\/wp\/v2\/users\/3"}],"replies":[{"embeddable":true,"href":"https:\/\/buergerverein-ohmstede.de\/index.php?rest_route=%2Fwp%2Fv2%2Fcomments&post=1258"}],"version-history":[{"count":4,"href":"https:\/\/buergerverein-ohmstede.de\/index.php?rest_route=\/wp\/v2\/posts\/1258\/revisions"}],"predecessor-version":[{"id":1264,"href":"https:\/\/buergerverein-ohmstede.de\/index.php?rest_route=\/wp\/v2\/posts\/1258\/revisions\/1264"}],"wp:attachment":[{"href":"https:\/\/buergerverein-ohmstede.de\/index.php?rest_route=%2Fwp%2Fv2%2Fmedia&parent=1258"}],"wp:term":[{"taxonomy":"category","embeddable":true,"href":"https:\/\/buergerverein-ohmstede.de\/index.php?rest_route=%2Fwp%2Fv2%2Fcategories&post=1258"},{"taxonomy":"post_tag","embeddable":true,"href":"https:\/\/buergerverein-ohmstede.de\/index.php?rest_route=%2Fwp%2Fv2%2Ftags&post=1258"}],"curies":[{"name":"wp","href":"https:\/\/api.w.org\/{rel}","templated":true}]}}