{"id":1255,"date":"2022-10-06T09:55:32","date_gmt":"2022-10-06T07:55:32","guid":{"rendered":"https:\/\/buergerverein-ohmstede.de\/?p=1255"},"modified":"2022-10-06T09:55:32","modified_gmt":"2022-10-06T07:55:32","slug":"fotokalender-2023","status":"publish","type":"post","link":"https:\/\/buergerverein-ohmstede.de\/?p=1255","title":{"rendered":"Fotokalender 2023"},"content":{"rendered":"\n<p>Erste Anfragen gab es schon, ob es auch im kommenden Jahr wieder einen Fotokalender des B\u00fcrgervereins geben wird? Die Antwort lautet: Ja! Es wird einen geben und selbiger befindet sich gerade in Produktion. Erscheinen wird er voraussichtlich ab Mitte Oktober und dann wieder zum Preis von 5 Euro zu kaufen sein, entweder \u00fcber den B\u00fcrgerverein, oder in folgenden Gesch\u00e4ften in Ohmstede: Blumen L\u00fcschen, M\u00fchlenhofsapotheke, Brillen Schwarz oder im Restaurant Mykonos. Die Besonderheit dieses Kalenders 2023 ist, dass alle Bilder diesmal von drei Vereinsmitgliedern stammen, die selbstinitiativ und in Eigenregie im Laufe des Jahres durch Ohmstede und Bornhorst gegangen sind und ihre Lieblingspl\u00e4tze und -momente fotografisch eingefangen haben. Eine tolle Bildauswahl ist entstanden &#8211; unser herzlicher Dank geht an Erika R\u00f6pke, Gabi Ammermann und Ute Diers.<\/p>\n","protected":false},"excerpt":{"rendered":"<p>Erste Anfragen gab es schon, ob es auch im kommenden Jahr wieder einen Fotokalender des B\u00fcrgervereins geben wird? Die Antwort lautet: Ja! Es wird einen geben und selbiger befindet sich gerade in Produktion. Erscheinen wird er voraussichtlich ab Mitte Oktober und dann wieder zum Preis von 5 Euro zu kaufen sein, entweder \u00fcber den B\u00fcrgerverein, [&hellip;]<\/p>\n","protected":false},"author":3,"featured_media":0,"comment_status":"closed","ping_status":"closed","sticky":false,"template":"","format":"standard","meta":{"footnotes":""},"categories":[1],"tags":[],"class_list":["post-1255","post","type-post","status-publish","format-standard","hentry","category-uncategorized"],"_links":{"self":[{"href":"https:\/\/buergerverein-ohmstede.de\/index.php?rest_route=\/wp\/v2\/posts\/1255","targetHints":{"allow":["GET"]}}],"collection":[{"href":"https:\/\/buergerverein-ohmstede.de\/index.php?rest_route=\/wp\/v2\/posts"}],"about":[{"href":"https:\/\/buergerverein-ohmstede.de\/index.php?rest_route=\/wp\/v2\/types\/post"}],"author":[{"embeddable":true,"href":"https:\/\/buergerverein-ohmstede.de\/index.php?rest_route=\/wp\/v2\/users\/3"}],"replies":[{"embeddable":true,"href":"https:\/\/buergerverein-ohmstede.de\/index.php?rest_route=%2Fwp%2Fv2%2Fcomments&post=1255"}],"version-history":[{"count":2,"href":"https:\/\/buergerverein-ohmstede.de\/index.php?rest_route=\/wp\/v2\/posts\/1255\/revisions"}],"predecessor-version":[{"id":1257,"href":"https:\/\/buergerverein-ohmstede.de\/index.php?rest_route=\/wp\/v2\/posts\/1255\/revisions\/1257"}],"wp:attachment":[{"href":"https:\/\/buergerverein-ohmstede.de\/index.php?rest_route=%2Fwp%2Fv2%2Fmedia&parent=1255"}],"wp:term":[{"taxonomy":"category","embeddable":true,"href":"https:\/\/buergerverein-ohmstede.de\/index.php?rest_route=%2Fwp%2Fv2%2Fcategories&post=1255"},{"taxonomy":"post_tag","embeddable":true,"href":"https:\/\/buergerverein-ohmstede.de\/index.php?rest_route=%2Fwp%2Fv2%2Ftags&post=1255"}],"curies":[{"name":"wp","href":"https:\/\/api.w.org\/{rel}","templated":true}]}}