{"id":1252,"date":"2022-10-06T09:50:26","date_gmt":"2022-10-06T07:50:26","guid":{"rendered":"https:\/\/buergerverein-ohmstede.de\/?p=1252"},"modified":"2022-10-06T09:50:26","modified_gmt":"2022-10-06T07:50:26","slug":"vortrag-ueber-senioren-und-pflegestuetzpunkt","status":"publish","type":"post","link":"https:\/\/buergerverein-ohmstede.de\/?p=1252","title":{"rendered":"Vortrag \u00fcber Senioren- und Pflegest\u00fctzpunkt"},"content":{"rendered":"\n<p>Der B\u00fcrgerverein Ohmstede bietet einen Vortrag \u00fcber den Senioren- und Pflegest\u00fctzpunkt der Stadt Oldenburg an. Dagmar Bunge-K\u00f6pping informiert \u00fcber dieses segensreiche Angebot der Stadt zu den Themen \u00c4lterwerden, Wohnen, Heimwerkerdienst und Mobilit\u00e4t f\u00fcr alle Altersgruppen. Wen dies interessiert und wer dazu Fragen hat, der komme am 10. Oktober um 19 Uhr in das Kulturzentrum Rennplatz, Rigaer Weg 4. Auch G\u00e4ste sind herzlich willkommen. Der Eintritt ist frei.<\/p>\n","protected":false},"excerpt":{"rendered":"<p>Der B\u00fcrgerverein Ohmstede bietet einen Vortrag \u00fcber den Senioren- und Pflegest\u00fctzpunkt der Stadt Oldenburg an. Dagmar Bunge-K\u00f6pping informiert \u00fcber dieses segensreiche Angebot der Stadt zu den Themen \u00c4lterwerden, Wohnen, Heimwerkerdienst und Mobilit\u00e4t f\u00fcr alle Altersgruppen. Wen dies interessiert und wer dazu Fragen hat, der komme am 10. Oktober um 19 Uhr in das Kulturzentrum Rennplatz, [&hellip;]<\/p>\n","protected":false},"author":3,"featured_media":0,"comment_status":"closed","ping_status":"closed","sticky":false,"template":"","format":"standard","meta":{"footnotes":""},"categories":[1],"tags":[],"class_list":["post-1252","post","type-post","status-publish","format-standard","hentry","category-uncategorized"],"_links":{"self":[{"href":"https:\/\/buergerverein-ohmstede.de\/index.php?rest_route=\/wp\/v2\/posts\/1252","targetHints":{"allow":["GET"]}}],"collection":[{"href":"https:\/\/buergerverein-ohmstede.de\/index.php?rest_route=\/wp\/v2\/posts"}],"about":[{"href":"https:\/\/buergerverein-ohmstede.de\/index.php?rest_route=\/wp\/v2\/types\/post"}],"author":[{"embeddable":true,"href":"https:\/\/buergerverein-ohmstede.de\/index.php?rest_route=\/wp\/v2\/users\/3"}],"replies":[{"embeddable":true,"href":"https:\/\/buergerverein-ohmstede.de\/index.php?rest_route=%2Fwp%2Fv2%2Fcomments&post=1252"}],"version-history":[{"count":2,"href":"https:\/\/buergerverein-ohmstede.de\/index.php?rest_route=\/wp\/v2\/posts\/1252\/revisions"}],"predecessor-version":[{"id":1254,"href":"https:\/\/buergerverein-ohmstede.de\/index.php?rest_route=\/wp\/v2\/posts\/1252\/revisions\/1254"}],"wp:attachment":[{"href":"https:\/\/buergerverein-ohmstede.de\/index.php?rest_route=%2Fwp%2Fv2%2Fmedia&parent=1252"}],"wp:term":[{"taxonomy":"category","embeddable":true,"href":"https:\/\/buergerverein-ohmstede.de\/index.php?rest_route=%2Fwp%2Fv2%2Fcategories&post=1252"},{"taxonomy":"post_tag","embeddable":true,"href":"https:\/\/buergerverein-ohmstede.de\/index.php?rest_route=%2Fwp%2Fv2%2Ftags&post=1252"}],"curies":[{"name":"wp","href":"https:\/\/api.w.org\/{rel}","templated":true}]}}